{"id":6685,"date":"2020-11-18T14:34:51","date_gmt":"2020-11-18T13:34:51","guid":{"rendered":"https:\/\/insieme.ch\/actualites\/geneve-droits-politiques-pour-toutes-et-tous\/"},"modified":"2021-04-29T09:21:53","modified_gmt":"2021-04-29T07:21:53","slug":"geneve-droits-politiques-pour-toutes-et-tous","status":"publish","type":"post","link":"https:\/\/insieme.ch\/fr\/news\/inclusion\/geneve-droits-politiques-pour-toutes-et-tous\/","title":{"rendered":"Gen\u00e8ve&#160;: droits politiques pour toutes et tous"},"content":{"rendered":"<p><!-- flzn:zn_pagebanner --><\/p>\n<header id=\"flzn-pagebanner-1\" class=\"zone zn-pagebanner with-bg bg-color\"><span class=\"zone-bg bg-color bgc-yellow-light alignfull\"><\/span><\/p>\n<div class=\"zone-block zn-pagebanner-block alignwide va-top\">\n<div class=\"row zn-pagebanner-row\">\n<div class=\"columns zn-pagebanner-col-content\">\n<div class=\"columns-inner\">\n<div class=\"zn-pagebanner-content\"><\/div>\n<\/p><\/div>\n<\/p><\/div>\n<\/p><\/div>\n<\/p><\/div>\n<\/header>\n<p><!-- \/flzn:zn_pagebanner --><br \/>\n<!-- flzn:zn_intro --><\/p>\n<div id=\"flzn-intro-1\" class=\"zone zn-intro with-bg bg-color\"><span class=\"zone-bg bg-color bgc-white alignfull\"><\/span><\/p>\n<div class=\"zone-block zn-intro-block alignsimple va-top\">\n<div class=\"addthis_inline_share_toolbox\"><\/div>\n<div class=\"row mw-content-zone  \">\n<div class=\"columns large-12\">\n<div class=\"row large-up-1 with-nice-alignment nbloc-1\">\n<div class=\"column zn-intro-col\">\n<div class=\"column-inner\">\n<div class=\"wig-content mw-content\">\n<p><strong>Le 29 novembre, les \u00e9lectrices et \u00e9lecteurs genevois d\u00e9cideront si les droits politiques seront accord\u00e9s au niveau cantonal et communal \u00e0 l\u2019ensemble des personnes en situation de handicap. insieme soutient l\u2019initiative et esp\u00e8re qu\u2019en cas d\u2019acceptation cette avanc\u00e9e permettra de faire bouger les autres cantons et la Conf\u00e9d\u00e9ration.<\/strong><!--more--><\/p>\n<p>Toutes les personnes en situation de handicap r\u00e9sidant dans le canton de Gen\u00e8ve recouvreront automatiquement leurs droits politiques si le changement de constitution est accept\u00e9 le 29 novembre. Les droits politiques comprennent le droit d\u2019\u00e9lire, de voter, de signer des initiatives ainsi que le droit d\u2019\u00e9ligibilit\u00e9.<\/p>\n<p>En cas de \u00ab&#160;oui&#160;\u00bb, les personnes qui n&#8217;\u00e9taient pas autoris\u00e9es \u00e0 voter auparavant en raison d&#8217;une incapacit\u00e9 de discernement durable ou d&#8217;une curatelle de port\u00e9e g\u00e9n\u00e9rale verront leurs droits politiques r\u00e9tablis. Cela concerne environ 1&#8217;200 personnes dans le canton.<\/p>\n<div id=\"attachment_5965\" class=\"wp-caption aligncenter\" style=\"width:100%;max-width:2000px\"><img decoding=\"async\" loading=\"lazy\" class=\"size-full wp-image-5965\" src=\"https:\/\/insieme.ch\/wp-inside\/uploads\/2021\/03\/une_vie_une_voix.jpg\" alt=\"Affiche de campagne des intitiants\" width=\"2000\" height=\"1126\" srcset=\"https:\/\/insieme.ch\/wp-inside\/uploads\/2021\/03\/une_vie_une_voix.jpg 2000w, https:\/\/insieme.ch\/wp-inside\/uploads\/2021\/03\/une_vie_une_voix-300x169.jpg 300w, https:\/\/insieme.ch\/wp-inside\/uploads\/2021\/03\/une_vie_une_voix-1024x577.jpg 1024w, https:\/\/insieme.ch\/wp-inside\/uploads\/2021\/03\/une_vie_une_voix-768x432.jpg 768w, https:\/\/insieme.ch\/wp-inside\/uploads\/2021\/03\/une_vie_une_voix-1536x865.jpg 1536w, https:\/\/insieme.ch\/wp-inside\/uploads\/2021\/03\/une_vie_une_voix-320x180.jpg 320w, https:\/\/insieme.ch\/wp-inside\/uploads\/2021\/03\/une_vie_une_voix-800x450.jpg 800w, https:\/\/insieme.ch\/wp-inside\/uploads\/2021\/03\/une_vie_une_voix-1920x1081.jpg 1920w\" sizes=\"auto, (max-width: 2000px) 100vw, 2000px\" \/><\/p>\n<p class=\"wp-caption-text\">En Suisse, au niveau f\u00e9d\u00e9ral, les personnes sous curatelle de port\u00e9e g\u00e9n\u00e9rale sont actuellement priv\u00e9es de droits politiques.<\/p>\n<\/div>\n<h2><strong>Les droits politiques sont des droits fondamentaux<\/strong><\/h2>\n<p>A l\u2019heure actuelle, certains cantons permettent d\u00e9j\u00e0 aux personnes sous curatelle de port\u00e9e g\u00e9n\u00e9rale d\u2019exercer leurs droits politiques aux niveaux cantonal et communal. Mais cela ne se fait pas de mani\u00e8re automatique. Pourtant, ce sont des droits fondamentaux. La CPDH pr\u00e9cise clairement que les personnes avec un handicap ne doivent pas \u00eatre priv\u00e9es de leurs droits politiques, car elles souhaitent elles aussi participer aux votations et aux \u00e9lections. Qu\u2019une personne soit plac\u00e9e sous curatelle de port\u00e9e g\u00e9n\u00e9rale, car elle a besoin de soutien et d\u2019accompagnement au quotidien, ne signifie pas qu\u2019elle ne s\u2019int\u00e9resse pas \u00e0 la politique ni qu\u2019elle ne peut se forger sa propre opinion<\/p>\n<h2><strong>\u00a0<\/strong><strong>Un exemple \u00e0 suivre<\/strong><\/h2>\n<p>insieme se r\u00e9jouit, en cas de \u00ab&#160;oui&#160;\u00bb, que le Canton de Gen\u00e8ve octroie les droits politiques \u00e0 toute personne sans qu\u2019une autorit\u00e9 judiciaire n\u2019ait \u00e0 juger de sa capacit\u00e9 \u00e0 voter ou \u00e0 \u00e9lire. Elle esp\u00e8re que d\u2019autres cantons et la Conf\u00e9d\u00e9ration suivront cet exemple.<\/p>\n<p>Rappelons qu\u2019en Suisse, au niveau f\u00e9d\u00e9ral, les personnes sous curatelle de port\u00e9e g\u00e9n\u00e9rale sont actuellement priv\u00e9es de droits politiques et ne peuvent participer ni aux votations ni aux \u00e9lections. Cette privation concerne environ 15&#8217;000 personnes.<\/p>\n<p>&nbsp;<\/p>\n<p class=\"arrowed-link\"><a href=\"http:\/\/www.fegaph.ch\">Site des initiants<\/a><\/p>\n<\/p><\/div>\n<\/p><\/div>\n<\/p><\/div>\n<\/p><\/div>\n<\/p><\/div>\n<\/p><\/div>\n<\/div>\n<\/div>\n<p><!-- \/flzn:zn_intro --><\/p>\n","protected":false},"excerpt":{"rendered":"<p>insieme soutient la modification de la constitution et esp\u00e8re qu&#8217;un &#8220;oui&#8221; fera bouger les choses<\/p>\n","protected":false},"author":7,"featured_media":5965,"comment_status":"closed","ping_status":"closed","sticky":false,"template":"","format":"standard","meta":{"_acf_changed":false,"footnotes":"","_wpscppro_dont_share_socialmedia":false,"_wpscppro_custom_social_share_image":0,"_facebook_share_type":"","_twitter_share_type":"","_linkedin_share_type":"","_pinterest_share_type":"","_linkedin_share_type_page":"","_instagram_share_type":"","_medium_share_type":"","_threads_share_type":"","_google_business_share_type":"","_selected_social_profile":[],"_wpsp_enable_custom_social_template":false,"_wpsp_social_scheduling":{"enabled":false,"datetime":null,"platforms":[],"status":"template_only","dateOption":"today","timeOption":"now","customDays":"","customHours":"","customDate":"","customTime":"","schedulingType":"absolute"},"_wpsp_active_default_template":true},"categories":[156],"tags":[],"class_list":["post-6685","post","type-post","status-publish","format-standard","has-post-thumbnail","hentry","category-inclusion","wp-sticky"],"acf":[],"yoast_head":"<!-- This site is optimized with the Yoast SEO plugin v27.4 - https:\/\/yoast.com\/product\/yoast-seo-wordpress\/ -->\n<title>Gen\u00e8ve: droits politiques pour toutes et tous<\/title>\n<meta name=\"robots\" content=\"index, follow, max-snippet:-1, max-image-preview:large, max-video-preview:-1\" \/>\n<link rel=\"canonical\" href=\"https:\/\/insieme.ch\/fr\/news\/inclusion\/geneve-droits-politiques-pour-toutes-et-tous\/\" \/>\n<meta property=\"og:locale\" content=\"fr_FR\" \/>\n<meta property=\"og:type\" content=\"article\" \/>\n<meta property=\"og:title\" content=\"Gen\u00e8ve: droits politiques pour toutes et tous\" \/>\n<meta property=\"og:description\" content=\"insieme soutient la modification de la constitution et esp\u00e8re qu&#039;un &quot;oui&quot; fera bouger les choses\" \/>\n<meta property=\"og:url\" content=\"https:\/\/insieme.ch\/fr\/news\/inclusion\/geneve-droits-politiques-pour-toutes-et-tous\/\" \/>\n<meta property=\"og:site_name\" content=\"insieme.ch\" \/>\n<meta property=\"article:published_time\" content=\"2020-11-18T13:34:51+00:00\" \/>\n<meta property=\"article:modified_time\" content=\"2021-04-29T07:21:53+00:00\" \/>\n<meta property=\"og:image\" content=\"https:\/\/insieme.ch\/wp-inside\/uploads\/2021\/03\/une_vie_une_voix.jpg\" \/>\n\t<meta property=\"og:image:width\" content=\"2000\" \/>\n\t<meta property=\"og:image:height\" content=\"1126\" \/>\n\t<meta property=\"og:image:type\" content=\"image\/jpeg\" \/>\n<meta name=\"author\" content=\"Premiere Place\" \/>\n<meta name=\"twitter:card\" content=\"summary_large_image\" \/>\n<meta name=\"twitter:label1\" content=\"\u00c9crit par\" \/>\n\t<meta name=\"twitter:data1\" content=\"Premiere Place\" \/>\n\t<meta name=\"twitter:label2\" content=\"Dur\u00e9e de lecture estim\u00e9e\" \/>\n\t<meta name=\"twitter:data2\" content=\"2 minutes\" \/>\n<script type=\"application\/ld+json\" class=\"yoast-schema-graph\">{\"@context\":\"https:\\\/\\\/schema.org\",\"@graph\":[{\"@type\":\"Article\",\"@id\":\"https:\\\/\\\/insieme.ch\\\/fr\\\/news\\\/inclusion\\\/geneve-droits-politiques-pour-toutes-et-tous\\\/#article\",\"isPartOf\":{\"@id\":\"https:\\\/\\\/insieme.ch\\\/fr\\\/news\\\/inclusion\\\/geneve-droits-politiques-pour-toutes-et-tous\\\/\"},\"author\":{\"name\":\"Premiere Place\",\"@id\":\"https:\\\/\\\/insieme.ch\\\/fr\\\/#\\\/schema\\\/person\\\/396bf75d7cbe7cdc82075b82103416b1\"},\"headline\":\"Gen\u00e8ve&#160;: droits politiques pour toutes et tous\",\"datePublished\":\"2020-11-18T13:34:51+00:00\",\"dateModified\":\"2021-04-29T07:21:53+00:00\",\"mainEntityOfPage\":{\"@id\":\"https:\\\/\\\/insieme.ch\\\/fr\\\/news\\\/inclusion\\\/geneve-droits-politiques-pour-toutes-et-tous\\\/\"},\"wordCount\":410,\"publisher\":{\"@id\":\"https:\\\/\\\/insieme.ch\\\/fr\\\/#organization\"},\"image\":{\"@id\":\"https:\\\/\\\/insieme.ch\\\/fr\\\/news\\\/inclusion\\\/geneve-droits-politiques-pour-toutes-et-tous\\\/#primaryimage\"},\"thumbnailUrl\":\"https:\\\/\\\/insieme.ch\\\/wp-inside\\\/uploads\\\/2021\\\/03\\\/une_vie_une_voix.jpg\",\"articleSection\":[\"Inclusion\"],\"inLanguage\":\"fr-FR\"},{\"@type\":\"WebPage\",\"@id\":\"https:\\\/\\\/insieme.ch\\\/fr\\\/news\\\/inclusion\\\/geneve-droits-politiques-pour-toutes-et-tous\\\/\",\"url\":\"https:\\\/\\\/insieme.ch\\\/fr\\\/news\\\/inclusion\\\/geneve-droits-politiques-pour-toutes-et-tous\\\/\",\"name\":\"Gen\u00e8ve: droits politiques pour toutes et tous\",\"isPartOf\":{\"@id\":\"https:\\\/\\\/insieme.ch\\\/fr\\\/#website\"},\"primaryImageOfPage\":{\"@id\":\"https:\\\/\\\/insieme.ch\\\/fr\\\/news\\\/inclusion\\\/geneve-droits-politiques-pour-toutes-et-tous\\\/#primaryimage\"},\"image\":{\"@id\":\"https:\\\/\\\/insieme.ch\\\/fr\\\/news\\\/inclusion\\\/geneve-droits-politiques-pour-toutes-et-tous\\\/#primaryimage\"},\"thumbnailUrl\":\"https:\\\/\\\/insieme.ch\\\/wp-inside\\\/uploads\\\/2021\\\/03\\\/une_vie_une_voix.jpg\",\"datePublished\":\"2020-11-18T13:34:51+00:00\",\"dateModified\":\"2021-04-29T07:21:53+00:00\",\"breadcrumb\":{\"@id\":\"https:\\\/\\\/insieme.ch\\\/fr\\\/news\\\/inclusion\\\/geneve-droits-politiques-pour-toutes-et-tous\\\/#breadcrumb\"},\"inLanguage\":\"fr-FR\",\"potentialAction\":[{\"@type\":\"ReadAction\",\"target\":[\"https:\\\/\\\/insieme.ch\\\/fr\\\/news\\\/inclusion\\\/geneve-droits-politiques-pour-toutes-et-tous\\\/\"]}]},{\"@type\":\"ImageObject\",\"inLanguage\":\"fr-FR\",\"@id\":\"https:\\\/\\\/insieme.ch\\\/fr\\\/news\\\/inclusion\\\/geneve-droits-politiques-pour-toutes-et-tous\\\/#primaryimage\",\"url\":\"https:\\\/\\\/insieme.ch\\\/wp-inside\\\/uploads\\\/2021\\\/03\\\/une_vie_une_voix.jpg\",\"contentUrl\":\"https:\\\/\\\/insieme.ch\\\/wp-inside\\\/uploads\\\/2021\\\/03\\\/une_vie_une_voix.jpg\",\"width\":1920,\"height\":1081,\"caption\":\"n Suisse, au niveau f\u00e9d\u00e9ral, les personnes sous curatelle de port\u00e9e g\u00e9n\u00e9rale sont actuellement priv\u00e9es de droits politiques.\"},{\"@type\":\"BreadcrumbList\",\"@id\":\"https:\\\/\\\/insieme.ch\\\/fr\\\/news\\\/inclusion\\\/geneve-droits-politiques-pour-toutes-et-tous\\\/#breadcrumb\",\"itemListElement\":[{\"@type\":\"ListItem\",\"position\":1,\"name\":\"Accueil\",\"item\":\"https:\\\/\\\/insieme.ch\\\/fr\\\/\"},{\"@type\":\"ListItem\",\"position\":2,\"name\":\"News\",\"item\":\"https:\\\/\\\/insieme.ch\\\/fr\\\/news\\\/\"},{\"@type\":\"ListItem\",\"position\":3,\"name\":\"Inclusion\",\"item\":\"https:\\\/\\\/insieme.ch\\\/fr\\\/news\\\/inclusion\\\/\"},{\"@type\":\"ListItem\",\"position\":4,\"name\":\"Gen\u00e8ve&#160;: droits politiques pour toutes et tous\"}]},{\"@type\":\"WebSite\",\"@id\":\"https:\\\/\\\/insieme.ch\\\/fr\\\/#website\",\"url\":\"https:\\\/\\\/insieme.ch\\\/fr\\\/\",\"name\":\"insieme.ch\",\"description\":\"\",\"publisher\":{\"@id\":\"https:\\\/\\\/insieme.ch\\\/fr\\\/#organization\"},\"potentialAction\":[{\"@type\":\"SearchAction\",\"target\":{\"@type\":\"EntryPoint\",\"urlTemplate\":\"https:\\\/\\\/insieme.ch\\\/fr\\\/?s={search_term_string}\"},\"query-input\":{\"@type\":\"PropertyValueSpecification\",\"valueRequired\":true,\"valueName\":\"search_term_string\"}}],\"inLanguage\":\"fr-FR\"},{\"@type\":\"Organization\",\"@id\":\"https:\\\/\\\/insieme.ch\\\/fr\\\/#organization\",\"name\":\"insieme\",\"url\":\"https:\\\/\\\/insieme.ch\\\/fr\\\/\",\"logo\":{\"@type\":\"ImageObject\",\"inLanguage\":\"fr-FR\",\"@id\":\"https:\\\/\\\/insieme.ch\\\/fr\\\/#\\\/schema\\\/logo\\\/image\\\/\",\"url\":\"https:\\\/\\\/insieme.ch\\\/wp-inside\\\/uploads\\\/2021\\\/03\\\/logo-insieme.jpg\",\"contentUrl\":\"https:\\\/\\\/insieme.ch\\\/wp-inside\\\/uploads\\\/2021\\\/03\\\/logo-insieme.jpg\",\"width\":250,\"height\":250,\"caption\":\"insieme\"},\"image\":{\"@id\":\"https:\\\/\\\/insieme.ch\\\/fr\\\/#\\\/schema\\\/logo\\\/image\\\/\"}},{\"@type\":\"Person\",\"@id\":\"https:\\\/\\\/insieme.ch\\\/fr\\\/#\\\/schema\\\/person\\\/396bf75d7cbe7cdc82075b82103416b1\",\"name\":\"Premiere Place\",\"image\":{\"@type\":\"ImageObject\",\"inLanguage\":\"fr-FR\",\"@id\":\"https:\\\/\\\/secure.gravatar.com\\\/avatar\\\/5091af20ac2a44cb521992f13fec8a09deb308a5b721983dec39b595a5302c6a?s=96&d=mm&r=g\",\"url\":\"https:\\\/\\\/secure.gravatar.com\\\/avatar\\\/5091af20ac2a44cb521992f13fec8a09deb308a5b721983dec39b595a5302c6a?s=96&d=mm&r=g\",\"contentUrl\":\"https:\\\/\\\/secure.gravatar.com\\\/avatar\\\/5091af20ac2a44cb521992f13fec8a09deb308a5b721983dec39b595a5302c6a?s=96&d=mm&r=g\",\"caption\":\"Premiere Place\"}}]}<\/script>\n<!-- \/ Yoast SEO plugin. -->","yoast_head_json":{"title":"Gen\u00e8ve: droits politiques pour toutes et tous","robots":{"index":"index","follow":"follow","max-snippet":"max-snippet:-1","max-image-preview":"max-image-preview:large","max-video-preview":"max-video-preview:-1"},"canonical":"https:\/\/insieme.ch\/fr\/news\/inclusion\/geneve-droits-politiques-pour-toutes-et-tous\/","og_locale":"fr_FR","og_type":"article","og_title":"Gen\u00e8ve: droits politiques pour toutes et tous","og_description":"insieme soutient la modification de la constitution et esp\u00e8re qu'un \"oui\" fera bouger les choses","og_url":"https:\/\/insieme.ch\/fr\/news\/inclusion\/geneve-droits-politiques-pour-toutes-et-tous\/","og_site_name":"insieme.ch","article_published_time":"2020-11-18T13:34:51+00:00","article_modified_time":"2021-04-29T07:21:53+00:00","og_image":[{"width":2000,"height":1126,"url":"https:\/\/insieme.ch\/wp-inside\/uploads\/2021\/03\/une_vie_une_voix.jpg","type":"image\/jpeg"}],"author":"Premiere Place","twitter_card":"summary_large_image","twitter_misc":{"\u00c9crit par":"Premiere Place","Dur\u00e9e de lecture estim\u00e9e":"2 minutes"},"schema":{"@context":"https:\/\/schema.org","@graph":[{"@type":"Article","@id":"https:\/\/insieme.ch\/fr\/news\/inclusion\/geneve-droits-politiques-pour-toutes-et-tous\/#article","isPartOf":{"@id":"https:\/\/insieme.ch\/fr\/news\/inclusion\/geneve-droits-politiques-pour-toutes-et-tous\/"},"author":{"name":"Premiere Place","@id":"https:\/\/insieme.ch\/fr\/#\/schema\/person\/396bf75d7cbe7cdc82075b82103416b1"},"headline":"Gen\u00e8ve&#160;: droits politiques pour toutes et tous","datePublished":"2020-11-18T13:34:51+00:00","dateModified":"2021-04-29T07:21:53+00:00","mainEntityOfPage":{"@id":"https:\/\/insieme.ch\/fr\/news\/inclusion\/geneve-droits-politiques-pour-toutes-et-tous\/"},"wordCount":410,"publisher":{"@id":"https:\/\/insieme.ch\/fr\/#organization"},"image":{"@id":"https:\/\/insieme.ch\/fr\/news\/inclusion\/geneve-droits-politiques-pour-toutes-et-tous\/#primaryimage"},"thumbnailUrl":"https:\/\/insieme.ch\/wp-inside\/uploads\/2021\/03\/une_vie_une_voix.jpg","articleSection":["Inclusion"],"inLanguage":"fr-FR"},{"@type":"WebPage","@id":"https:\/\/insieme.ch\/fr\/news\/inclusion\/geneve-droits-politiques-pour-toutes-et-tous\/","url":"https:\/\/insieme.ch\/fr\/news\/inclusion\/geneve-droits-politiques-pour-toutes-et-tous\/","name":"Gen\u00e8ve: droits politiques pour toutes et tous","isPartOf":{"@id":"https:\/\/insieme.ch\/fr\/#website"},"primaryImageOfPage":{"@id":"https:\/\/insieme.ch\/fr\/news\/inclusion\/geneve-droits-politiques-pour-toutes-et-tous\/#primaryimage"},"image":{"@id":"https:\/\/insieme.ch\/fr\/news\/inclusion\/geneve-droits-politiques-pour-toutes-et-tous\/#primaryimage"},"thumbnailUrl":"https:\/\/insieme.ch\/wp-inside\/uploads\/2021\/03\/une_vie_une_voix.jpg","datePublished":"2020-11-18T13:34:51+00:00","dateModified":"2021-04-29T07:21:53+00:00","breadcrumb":{"@id":"https:\/\/insieme.ch\/fr\/news\/inclusion\/geneve-droits-politiques-pour-toutes-et-tous\/#breadcrumb"},"inLanguage":"fr-FR","potentialAction":[{"@type":"ReadAction","target":["https:\/\/insieme.ch\/fr\/news\/inclusion\/geneve-droits-politiques-pour-toutes-et-tous\/"]}]},{"@type":"ImageObject","inLanguage":"fr-FR","@id":"https:\/\/insieme.ch\/fr\/news\/inclusion\/geneve-droits-politiques-pour-toutes-et-tous\/#primaryimage","url":"https:\/\/insieme.ch\/wp-inside\/uploads\/2021\/03\/une_vie_une_voix.jpg","contentUrl":"https:\/\/insieme.ch\/wp-inside\/uploads\/2021\/03\/une_vie_une_voix.jpg","width":1920,"height":1081,"caption":"n Suisse, au niveau f\u00e9d\u00e9ral, les personnes sous curatelle de port\u00e9e g\u00e9n\u00e9rale sont actuellement priv\u00e9es de droits politiques."},{"@type":"BreadcrumbList","@id":"https:\/\/insieme.ch\/fr\/news\/inclusion\/geneve-droits-politiques-pour-toutes-et-tous\/#breadcrumb","itemListElement":[{"@type":"ListItem","position":1,"name":"Accueil","item":"https:\/\/insieme.ch\/fr\/"},{"@type":"ListItem","position":2,"name":"News","item":"https:\/\/insieme.ch\/fr\/news\/"},{"@type":"ListItem","position":3,"name":"Inclusion","item":"https:\/\/insieme.ch\/fr\/news\/inclusion\/"},{"@type":"ListItem","position":4,"name":"Gen\u00e8ve&#160;: droits politiques pour toutes et tous"}]},{"@type":"WebSite","@id":"https:\/\/insieme.ch\/fr\/#website","url":"https:\/\/insieme.ch\/fr\/","name":"insieme.ch","description":"","publisher":{"@id":"https:\/\/insieme.ch\/fr\/#organization"},"potentialAction":[{"@type":"SearchAction","target":{"@type":"EntryPoint","urlTemplate":"https:\/\/insieme.ch\/fr\/?s={search_term_string}"},"query-input":{"@type":"PropertyValueSpecification","valueRequired":true,"valueName":"search_term_string"}}],"inLanguage":"fr-FR"},{"@type":"Organization","@id":"https:\/\/insieme.ch\/fr\/#organization","name":"insieme","url":"https:\/\/insieme.ch\/fr\/","logo":{"@type":"ImageObject","inLanguage":"fr-FR","@id":"https:\/\/insieme.ch\/fr\/#\/schema\/logo\/image\/","url":"https:\/\/insieme.ch\/wp-inside\/uploads\/2021\/03\/logo-insieme.jpg","contentUrl":"https:\/\/insieme.ch\/wp-inside\/uploads\/2021\/03\/logo-insieme.jpg","width":250,"height":250,"caption":"insieme"},"image":{"@id":"https:\/\/insieme.ch\/fr\/#\/schema\/logo\/image\/"}},{"@type":"Person","@id":"https:\/\/insieme.ch\/fr\/#\/schema\/person\/396bf75d7cbe7cdc82075b82103416b1","name":"Premiere Place","image":{"@type":"ImageObject","inLanguage":"fr-FR","@id":"https:\/\/secure.gravatar.com\/avatar\/5091af20ac2a44cb521992f13fec8a09deb308a5b721983dec39b595a5302c6a?s=96&d=mm&r=g","url":"https:\/\/secure.gravatar.com\/avatar\/5091af20ac2a44cb521992f13fec8a09deb308a5b721983dec39b595a5302c6a?s=96&d=mm&r=g","contentUrl":"https:\/\/secure.gravatar.com\/avatar\/5091af20ac2a44cb521992f13fec8a09deb308a5b721983dec39b595a5302c6a?s=96&d=mm&r=g","caption":"Premiere Place"}}]}},"_links":{"self":[{"href":"https:\/\/insieme.ch\/fr\/wp-json\/wp\/v2\/posts\/6685","targetHints":{"allow":["GET"]}}],"collection":[{"href":"https:\/\/insieme.ch\/fr\/wp-json\/wp\/v2\/posts"}],"about":[{"href":"https:\/\/insieme.ch\/fr\/wp-json\/wp\/v2\/types\/post"}],"author":[{"embeddable":true,"href":"https:\/\/insieme.ch\/fr\/wp-json\/wp\/v2\/users\/7"}],"replies":[{"embeddable":true,"href":"https:\/\/insieme.ch\/fr\/wp-json\/wp\/v2\/comments?post=6685"}],"version-history":[{"count":2,"href":"https:\/\/insieme.ch\/fr\/wp-json\/wp\/v2\/posts\/6685\/revisions"}],"predecessor-version":[{"id":9654,"href":"https:\/\/insieme.ch\/fr\/wp-json\/wp\/v2\/posts\/6685\/revisions\/9654"}],"wp:featuredmedia":[{"embeddable":true,"href":"https:\/\/insieme.ch\/fr\/wp-json\/wp\/v2\/media\/5965"}],"wp:attachment":[{"href":"https:\/\/insieme.ch\/fr\/wp-json\/wp\/v2\/media?parent=6685"}],"wp:term":[{"taxonomy":"category","embeddable":true,"href":"https:\/\/insieme.ch\/fr\/wp-json\/wp\/v2\/categories?post=6685"},{"taxonomy":"post_tag","embeddable":true,"href":"https:\/\/insieme.ch\/fr\/wp-json\/wp\/v2\/tags?post=6685"}],"curies":[{"name":"wp","href":"https:\/\/api.w.org\/{rel}","templated":true}]}}