{"id":6673,"date":"2020-08-13T13:31:58","date_gmt":"2020-08-13T11:31:58","guid":{"rendered":"https:\/\/insieme.ch\/actualites\/reforme-des-pc-lessentiel-en-bref\/"},"modified":"2021-04-29T10:08:58","modified_gmt":"2021-04-29T08:08:58","slug":"reforme-des-pc-lessentiel-en-bref","status":"publish","type":"post","link":"https:\/\/insieme.ch\/fr\/news\/logement\/reforme-des-pc-lessentiel-en-bref\/","title":{"rendered":"R\u00e9forme des PC&#160;: l\u2019essentiel en bref"},"content":{"rendered":"<p><!-- flzn:zn_pagebanner --><\/p>\n<header id=\"flzn-pagebanner-1\" class=\"zone zn-pagebanner with-bg bg-color\"><span class=\"zone-bg bg-color bgc-yellow-light alignfull\"><\/span><\/p>\n<div class=\"zone-block zn-pagebanner-block alignwide va-top\">\n<div class=\"row zn-pagebanner-row\">\n<div class=\"columns zn-pagebanner-col-content\">\n<div class=\"columns-inner\">\n<div class=\"zn-pagebanner-content\"><\/div>\n<\/p><\/div>\n<\/p><\/div>\n<\/p><\/div>\n<\/p><\/div>\n<\/header>\n<p><!-- \/flzn:zn_pagebanner --><br \/>\n<!-- flzn:zn_intro --><\/p>\n<div id=\"flzn-intro-1\" class=\"zone zn-intro with-bg bg-color\"><span class=\"zone-bg bg-color bgc-white alignfull\"><\/span><\/p>\n<div class=\"zone-block zn-intro-block alignsimple va-top\">\n<div class=\"addthis_inline_share_toolbox\"><\/div>\n<div class=\"row mw-content-zone  \">\n<div class=\"columns large-12\">\n<div class=\"row large-up-1 with-nice-alignment nbloc-1\">\n<div class=\"column zn-intro-col\">\n<div class=\"column-inner\">\n<div class=\"wig-content mw-content\">\n<p><strong>Plusieurs nouveaut\u00e9s entrent en vigueur dans le domaine des prestations compl\u00e9mentaires au 1<sup>er <\/sup>janvier 2021. Il y aura enfin plus d\u2019argent consacr\u00e9 au logement. Des coupes seront faites au niveau de l\u2019assurance-maladie et pour les personnes fortun\u00e9es.<\/strong><!--more--><\/p>\n<p>Il \u00e9tait grand temps&#160;: inchang\u00e9s depuis plus de dix ans, les montants des prestations compl\u00e9mentaires (PC) allou\u00e9s au titre du loyer seront enfin augment\u00e9s. Gr\u00e2ce \u00e0 l\u2019engagement des associations de personnes avec un handicap, les personnes vivant en colocation ou chez des parents en profiteront \u00e9galement. Le suppl\u00e9ment accord\u00e9 aux logements accessibles en chaise roulante a \u00e9t\u00e9 consid\u00e9rablement augment\u00e9.<\/p>\n<div id=\"attachment_6403\" class=\"wp-caption aligncenter\" style=\"width:100%;max-width:560px\"><img decoding=\"async\" loading=\"lazy\" class=\"wp-image-6403 size-full\" src=\"https:\/\/insieme.ch\/wp-inside\/uploads\/2021\/03\/erganzungsleistungen.jpg\" alt=\"Porte-monnaie\" width=\"560\" height=\"330\" srcset=\"https:\/\/insieme.ch\/wp-inside\/uploads\/2021\/03\/erganzungsleistungen.jpg 560w, https:\/\/insieme.ch\/wp-inside\/uploads\/2021\/03\/erganzungsleistungen-300x177.jpg 300w, https:\/\/insieme.ch\/wp-inside\/uploads\/2021\/03\/erganzungsleistungen-320x189.jpg 320w, https:\/\/insieme.ch\/wp-inside\/uploads\/2021\/03\/erganzungsleistungen-425x250.jpg 425w\" sizes=\"auto, (max-width: 560px) 100vw, 560px\" \/><\/p>\n<p class=\"wp-caption-text\">Les montants des prestations compl\u00e9mentaires (PC) allou\u00e9s au titre du loyer seront augment\u00e9s.<\/p>\n<\/div>\n<p><strong>Assurance-maladie et fortune&#160;: une r\u00e9glementation plus stricte<\/strong><\/p>\n<p>La prime moyenne cantonale ou r\u00e9gionale \u00e9tait jusqu&#8217;\u00e0 pr\u00e9sent prise en compte pour le financement de l\u2019assurance-maladie. La r\u00e9forme pr\u00e9voit que la prime effective soit rembours\u00e9e, mais uniquement jusqu\u2019\u00e0 concurrence de la prime moyenne. Les personnes d\u00e9tenant une fortune recevront \u00e0 l\u2019avenir moins de PC. Les contributions allou\u00e9es pour les enfants de moins de 11 ans seront \u00e9galement diminu\u00e9es.<\/p>\n<p>Les r\u00e9percussions de la r\u00e9forme des PC varient d\u2019une situation individuelle \u00e0 l\u2019autre. La fiche d\u2019information d\u2019Inclusion handicap en offre une vue d\u2019ensemble d\u00e9taill\u00e9e.<\/p>\n<p>&nbsp;<\/p>\n<p class=\"arrowed-link\"><a href=\"https:\/\/www.inclusion-handicap.ch\/admin\/data\/files\/asset\/file_fr\/585\/fiche-dinformation_reforme-des-pc.pdf?lm=1590423134\">Fiche d\u2019information d\u2019Inclusion Handicap sur la r\u00e9forme des PC<\/a><\/p>\n<p class=\"arrowed-link\"><a href=\"https:\/\/insieme.ch\/fr\/news\/logement\/reforme-des-prestations-complementaires-la-revision-est-necessaire\/\">News insieme, &#8222;R\u00e9forme des prestations compl\u00e9mentaires&#160;: la r\u00e9vision est n\u00e9cessaire&#8220;<\/a><\/p>\n<p>&nbsp;<\/p>\n<p>&nbsp;<\/p>\n<p>&nbsp;<\/p>\n<p>&nbsp;<\/p>\n<p>&nbsp;<\/p>\n<\/p><\/div>\n<\/p><\/div>\n<\/p><\/div>\n<\/p><\/div>\n<\/p><\/div>\n<\/p><\/div>\n<\/div>\n<\/div>\n<p><!-- \/flzn:zn_intro --><\/p>\n","protected":false},"excerpt":{"rendered":"<p>La r\u00e9forme des PC entre en vigueur au 1er janvier 2021. Plus d\u2019aide sera enfin accord\u00e9e au logement.<\/p>\n","protected":false},"author":7,"featured_media":6403,"comment_status":"closed","ping_status":"closed","sticky":false,"template":"","format":"standard","meta":{"_acf_changed":false,"footnotes":"","_wpscppro_dont_share_socialmedia":false,"_wpscppro_custom_social_share_image":0,"_facebook_share_type":"","_twitter_share_type":"","_linkedin_share_type":"","_pinterest_share_type":"","_linkedin_share_type_page":"","_instagram_share_type":"","_medium_share_type":"","_threads_share_type":"","_google_business_share_type":"","_selected_social_profile":[],"_wpsp_enable_custom_social_template":false,"_wpsp_social_scheduling":{"enabled":false,"datetime":null,"platforms":[],"status":"template_only","dateOption":"today","timeOption":"now","customDays":"","customHours":"","customDate":"","customTime":"","schedulingType":"absolute"},"_wpsp_active_default_template":true},"categories":[157,160,161],"tags":[],"class_list":["post-6673","post","type-post","status-publish","format-standard","has-post-thumbnail","hentry","category-logement","category-sante-et-qualite-de-vie","category-famille","wp-sticky"],"acf":[],"yoast_head":"<!-- This site is optimized with the Yoast SEO plugin v27.5 - https:\/\/yoast.com\/product\/yoast-seo-wordpress\/ -->\n<title>R\u00e9forme des PC: l\u2019essentiel en bref<\/title>\n<meta name=\"robots\" content=\"index, follow, max-snippet:-1, max-image-preview:large, max-video-preview:-1\" \/>\n<link rel=\"canonical\" href=\"https:\/\/insieme.ch\/fr\/news\/logement\/reforme-des-pc-lessentiel-en-bref\/\" \/>\n<meta property=\"og:locale\" content=\"fr_FR\" \/>\n<meta property=\"og:type\" content=\"article\" \/>\n<meta property=\"og:title\" content=\"R\u00e9forme des PC: l\u2019essentiel en bref\" \/>\n<meta property=\"og:description\" content=\"La r\u00e9forme des PC entre en vigueur au 1er janvier 2021. Plus d\u2019aide sera enfin accord\u00e9e au logement.\" \/>\n<meta property=\"og:url\" content=\"https:\/\/insieme.ch\/fr\/news\/logement\/reforme-des-pc-lessentiel-en-bref\/\" \/>\n<meta property=\"og:site_name\" content=\"insieme.ch\" \/>\n<meta property=\"article:published_time\" content=\"2020-08-13T11:31:58+00:00\" \/>\n<meta property=\"article:modified_time\" content=\"2021-04-29T08:08:58+00:00\" \/>\n<meta property=\"og:image\" content=\"https:\/\/insieme.ch\/wp-inside\/uploads\/2021\/03\/erganzungsleistungen.jpg\" \/>\n\t<meta property=\"og:image:width\" content=\"560\" \/>\n\t<meta property=\"og:image:height\" content=\"330\" \/>\n\t<meta property=\"og:image:type\" content=\"image\/jpeg\" \/>\n<meta name=\"author\" content=\"Premiere Place\" \/>\n<meta name=\"twitter:card\" content=\"summary_large_image\" \/>\n<meta name=\"twitter:label1\" content=\"\u00c9crit par\" \/>\n\t<meta name=\"twitter:data1\" content=\"Premiere Place\" \/>\n\t<meta name=\"twitter:label2\" content=\"Dur\u00e9e de lecture estim\u00e9e\" \/>\n\t<meta name=\"twitter:data2\" content=\"1 minute\" \/>\n<script type=\"application\/ld+json\" class=\"yoast-schema-graph\">{\"@context\":\"https:\\\/\\\/schema.org\",\"@graph\":[{\"@type\":\"Article\",\"@id\":\"https:\\\/\\\/insieme.ch\\\/fr\\\/news\\\/logement\\\/reforme-des-pc-lessentiel-en-bref\\\/#article\",\"isPartOf\":{\"@id\":\"https:\\\/\\\/insieme.ch\\\/fr\\\/news\\\/logement\\\/reforme-des-pc-lessentiel-en-bref\\\/\"},\"author\":{\"name\":\"Premiere Place\",\"@id\":\"https:\\\/\\\/insieme.ch\\\/fr\\\/#\\\/schema\\\/person\\\/396bf75d7cbe7cdc82075b82103416b1\"},\"headline\":\"R\u00e9forme des PC&#160;: l\u2019essentiel en bref\",\"datePublished\":\"2020-08-13T11:31:58+00:00\",\"dateModified\":\"2021-04-29T08:08:58+00:00\",\"mainEntityOfPage\":{\"@id\":\"https:\\\/\\\/insieme.ch\\\/fr\\\/news\\\/logement\\\/reforme-des-pc-lessentiel-en-bref\\\/\"},\"wordCount\":270,\"publisher\":{\"@id\":\"https:\\\/\\\/insieme.ch\\\/fr\\\/#organization\"},\"image\":{\"@id\":\"https:\\\/\\\/insieme.ch\\\/fr\\\/news\\\/logement\\\/reforme-des-pc-lessentiel-en-bref\\\/#primaryimage\"},\"thumbnailUrl\":\"https:\\\/\\\/insieme.ch\\\/wp-inside\\\/uploads\\\/2021\\\/03\\\/erganzungsleistungen.jpg\",\"articleSection\":[\"Logement\",\"Sant\u00e9 et qualit\u00e9 de vie\",\"Famille\"],\"inLanguage\":\"fr-FR\"},{\"@type\":\"WebPage\",\"@id\":\"https:\\\/\\\/insieme.ch\\\/fr\\\/news\\\/logement\\\/reforme-des-pc-lessentiel-en-bref\\\/\",\"url\":\"https:\\\/\\\/insieme.ch\\\/fr\\\/news\\\/logement\\\/reforme-des-pc-lessentiel-en-bref\\\/\",\"name\":\"R\u00e9forme des PC: l\u2019essentiel en bref\",\"isPartOf\":{\"@id\":\"https:\\\/\\\/insieme.ch\\\/fr\\\/#website\"},\"primaryImageOfPage\":{\"@id\":\"https:\\\/\\\/insieme.ch\\\/fr\\\/news\\\/logement\\\/reforme-des-pc-lessentiel-en-bref\\\/#primaryimage\"},\"image\":{\"@id\":\"https:\\\/\\\/insieme.ch\\\/fr\\\/news\\\/logement\\\/reforme-des-pc-lessentiel-en-bref\\\/#primaryimage\"},\"thumbnailUrl\":\"https:\\\/\\\/insieme.ch\\\/wp-inside\\\/uploads\\\/2021\\\/03\\\/erganzungsleistungen.jpg\",\"datePublished\":\"2020-08-13T11:31:58+00:00\",\"dateModified\":\"2021-04-29T08:08:58+00:00\",\"breadcrumb\":{\"@id\":\"https:\\\/\\\/insieme.ch\\\/fr\\\/news\\\/logement\\\/reforme-des-pc-lessentiel-en-bref\\\/#breadcrumb\"},\"inLanguage\":\"fr-FR\",\"potentialAction\":[{\"@type\":\"ReadAction\",\"target\":[\"https:\\\/\\\/insieme.ch\\\/fr\\\/news\\\/logement\\\/reforme-des-pc-lessentiel-en-bref\\\/\"]}]},{\"@type\":\"ImageObject\",\"inLanguage\":\"fr-FR\",\"@id\":\"https:\\\/\\\/insieme.ch\\\/fr\\\/news\\\/logement\\\/reforme-des-pc-lessentiel-en-bref\\\/#primaryimage\",\"url\":\"https:\\\/\\\/insieme.ch\\\/wp-inside\\\/uploads\\\/2021\\\/03\\\/erganzungsleistungen.jpg\",\"contentUrl\":\"https:\\\/\\\/insieme.ch\\\/wp-inside\\\/uploads\\\/2021\\\/03\\\/erganzungsleistungen.jpg\",\"width\":560,\"height\":330,\"caption\":\"Les montants des prestations compl\u00e9mentaires (PC) allou\u00e9s au titre du loyer seront augment\u00e9s.\"},{\"@type\":\"BreadcrumbList\",\"@id\":\"https:\\\/\\\/insieme.ch\\\/fr\\\/news\\\/logement\\\/reforme-des-pc-lessentiel-en-bref\\\/#breadcrumb\",\"itemListElement\":[{\"@type\":\"ListItem\",\"position\":1,\"name\":\"Accueil\",\"item\":\"https:\\\/\\\/insieme.ch\\\/fr\\\/\"},{\"@type\":\"ListItem\",\"position\":2,\"name\":\"News\",\"item\":\"https:\\\/\\\/insieme.ch\\\/fr\\\/news\\\/\"},{\"@type\":\"ListItem\",\"position\":3,\"name\":\"Logement\",\"item\":\"https:\\\/\\\/insieme.ch\\\/fr\\\/news\\\/logement\\\/\"},{\"@type\":\"ListItem\",\"position\":4,\"name\":\"R\u00e9forme des PC&#160;: l\u2019essentiel en bref\"}]},{\"@type\":\"WebSite\",\"@id\":\"https:\\\/\\\/insieme.ch\\\/fr\\\/#website\",\"url\":\"https:\\\/\\\/insieme.ch\\\/fr\\\/\",\"name\":\"insieme.ch\",\"description\":\"\",\"publisher\":{\"@id\":\"https:\\\/\\\/insieme.ch\\\/fr\\\/#organization\"},\"potentialAction\":[{\"@type\":\"SearchAction\",\"target\":{\"@type\":\"EntryPoint\",\"urlTemplate\":\"https:\\\/\\\/insieme.ch\\\/fr\\\/?s={search_term_string}\"},\"query-input\":{\"@type\":\"PropertyValueSpecification\",\"valueRequired\":true,\"valueName\":\"search_term_string\"}}],\"inLanguage\":\"fr-FR\"},{\"@type\":\"Organization\",\"@id\":\"https:\\\/\\\/insieme.ch\\\/fr\\\/#organization\",\"name\":\"insieme\",\"url\":\"https:\\\/\\\/insieme.ch\\\/fr\\\/\",\"logo\":{\"@type\":\"ImageObject\",\"inLanguage\":\"fr-FR\",\"@id\":\"https:\\\/\\\/insieme.ch\\\/fr\\\/#\\\/schema\\\/logo\\\/image\\\/\",\"url\":\"https:\\\/\\\/insieme.ch\\\/wp-inside\\\/uploads\\\/2021\\\/03\\\/logo-insieme.jpg\",\"contentUrl\":\"https:\\\/\\\/insieme.ch\\\/wp-inside\\\/uploads\\\/2021\\\/03\\\/logo-insieme.jpg\",\"width\":250,\"height\":250,\"caption\":\"insieme\"},\"image\":{\"@id\":\"https:\\\/\\\/insieme.ch\\\/fr\\\/#\\\/schema\\\/logo\\\/image\\\/\"}},{\"@type\":\"Person\",\"@id\":\"https:\\\/\\\/insieme.ch\\\/fr\\\/#\\\/schema\\\/person\\\/396bf75d7cbe7cdc82075b82103416b1\",\"name\":\"Premiere Place\",\"image\":{\"@type\":\"ImageObject\",\"inLanguage\":\"fr-FR\",\"@id\":\"https:\\\/\\\/secure.gravatar.com\\\/avatar\\\/5091af20ac2a44cb521992f13fec8a09deb308a5b721983dec39b595a5302c6a?s=96&d=mm&r=g\",\"url\":\"https:\\\/\\\/secure.gravatar.com\\\/avatar\\\/5091af20ac2a44cb521992f13fec8a09deb308a5b721983dec39b595a5302c6a?s=96&d=mm&r=g\",\"contentUrl\":\"https:\\\/\\\/secure.gravatar.com\\\/avatar\\\/5091af20ac2a44cb521992f13fec8a09deb308a5b721983dec39b595a5302c6a?s=96&d=mm&r=g\",\"caption\":\"Premiere Place\"}}]}<\/script>\n<!-- \/ Yoast SEO plugin. -->","yoast_head_json":{"title":"R\u00e9forme des PC: l\u2019essentiel en bref","robots":{"index":"index","follow":"follow","max-snippet":"max-snippet:-1","max-image-preview":"max-image-preview:large","max-video-preview":"max-video-preview:-1"},"canonical":"https:\/\/insieme.ch\/fr\/news\/logement\/reforme-des-pc-lessentiel-en-bref\/","og_locale":"fr_FR","og_type":"article","og_title":"R\u00e9forme des PC: l\u2019essentiel en bref","og_description":"La r\u00e9forme des PC entre en vigueur au 1er janvier 2021. Plus d\u2019aide sera enfin accord\u00e9e au logement.","og_url":"https:\/\/insieme.ch\/fr\/news\/logement\/reforme-des-pc-lessentiel-en-bref\/","og_site_name":"insieme.ch","article_published_time":"2020-08-13T11:31:58+00:00","article_modified_time":"2021-04-29T08:08:58+00:00","og_image":[{"width":560,"height":330,"url":"https:\/\/insieme.ch\/wp-inside\/uploads\/2021\/03\/erganzungsleistungen.jpg","type":"image\/jpeg"}],"author":"Premiere Place","twitter_card":"summary_large_image","twitter_misc":{"\u00c9crit par":"Premiere Place","Dur\u00e9e de lecture estim\u00e9e":"1 minute"},"schema":{"@context":"https:\/\/schema.org","@graph":[{"@type":"Article","@id":"https:\/\/insieme.ch\/fr\/news\/logement\/reforme-des-pc-lessentiel-en-bref\/#article","isPartOf":{"@id":"https:\/\/insieme.ch\/fr\/news\/logement\/reforme-des-pc-lessentiel-en-bref\/"},"author":{"name":"Premiere Place","@id":"https:\/\/insieme.ch\/fr\/#\/schema\/person\/396bf75d7cbe7cdc82075b82103416b1"},"headline":"R\u00e9forme des PC&#160;: l\u2019essentiel en bref","datePublished":"2020-08-13T11:31:58+00:00","dateModified":"2021-04-29T08:08:58+00:00","mainEntityOfPage":{"@id":"https:\/\/insieme.ch\/fr\/news\/logement\/reforme-des-pc-lessentiel-en-bref\/"},"wordCount":270,"publisher":{"@id":"https:\/\/insieme.ch\/fr\/#organization"},"image":{"@id":"https:\/\/insieme.ch\/fr\/news\/logement\/reforme-des-pc-lessentiel-en-bref\/#primaryimage"},"thumbnailUrl":"https:\/\/insieme.ch\/wp-inside\/uploads\/2021\/03\/erganzungsleistungen.jpg","articleSection":["Logement","Sant\u00e9 et qualit\u00e9 de vie","Famille"],"inLanguage":"fr-FR"},{"@type":"WebPage","@id":"https:\/\/insieme.ch\/fr\/news\/logement\/reforme-des-pc-lessentiel-en-bref\/","url":"https:\/\/insieme.ch\/fr\/news\/logement\/reforme-des-pc-lessentiel-en-bref\/","name":"R\u00e9forme des PC: l\u2019essentiel en bref","isPartOf":{"@id":"https:\/\/insieme.ch\/fr\/#website"},"primaryImageOfPage":{"@id":"https:\/\/insieme.ch\/fr\/news\/logement\/reforme-des-pc-lessentiel-en-bref\/#primaryimage"},"image":{"@id":"https:\/\/insieme.ch\/fr\/news\/logement\/reforme-des-pc-lessentiel-en-bref\/#primaryimage"},"thumbnailUrl":"https:\/\/insieme.ch\/wp-inside\/uploads\/2021\/03\/erganzungsleistungen.jpg","datePublished":"2020-08-13T11:31:58+00:00","dateModified":"2021-04-29T08:08:58+00:00","breadcrumb":{"@id":"https:\/\/insieme.ch\/fr\/news\/logement\/reforme-des-pc-lessentiel-en-bref\/#breadcrumb"},"inLanguage":"fr-FR","potentialAction":[{"@type":"ReadAction","target":["https:\/\/insieme.ch\/fr\/news\/logement\/reforme-des-pc-lessentiel-en-bref\/"]}]},{"@type":"ImageObject","inLanguage":"fr-FR","@id":"https:\/\/insieme.ch\/fr\/news\/logement\/reforme-des-pc-lessentiel-en-bref\/#primaryimage","url":"https:\/\/insieme.ch\/wp-inside\/uploads\/2021\/03\/erganzungsleistungen.jpg","contentUrl":"https:\/\/insieme.ch\/wp-inside\/uploads\/2021\/03\/erganzungsleistungen.jpg","width":560,"height":330,"caption":"Les montants des prestations compl\u00e9mentaires (PC) allou\u00e9s au titre du loyer seront augment\u00e9s."},{"@type":"BreadcrumbList","@id":"https:\/\/insieme.ch\/fr\/news\/logement\/reforme-des-pc-lessentiel-en-bref\/#breadcrumb","itemListElement":[{"@type":"ListItem","position":1,"name":"Accueil","item":"https:\/\/insieme.ch\/fr\/"},{"@type":"ListItem","position":2,"name":"News","item":"https:\/\/insieme.ch\/fr\/news\/"},{"@type":"ListItem","position":3,"name":"Logement","item":"https:\/\/insieme.ch\/fr\/news\/logement\/"},{"@type":"ListItem","position":4,"name":"R\u00e9forme des PC&#160;: l\u2019essentiel en bref"}]},{"@type":"WebSite","@id":"https:\/\/insieme.ch\/fr\/#website","url":"https:\/\/insieme.ch\/fr\/","name":"insieme.ch","description":"","publisher":{"@id":"https:\/\/insieme.ch\/fr\/#organization"},"potentialAction":[{"@type":"SearchAction","target":{"@type":"EntryPoint","urlTemplate":"https:\/\/insieme.ch\/fr\/?s={search_term_string}"},"query-input":{"@type":"PropertyValueSpecification","valueRequired":true,"valueName":"search_term_string"}}],"inLanguage":"fr-FR"},{"@type":"Organization","@id":"https:\/\/insieme.ch\/fr\/#organization","name":"insieme","url":"https:\/\/insieme.ch\/fr\/","logo":{"@type":"ImageObject","inLanguage":"fr-FR","@id":"https:\/\/insieme.ch\/fr\/#\/schema\/logo\/image\/","url":"https:\/\/insieme.ch\/wp-inside\/uploads\/2021\/03\/logo-insieme.jpg","contentUrl":"https:\/\/insieme.ch\/wp-inside\/uploads\/2021\/03\/logo-insieme.jpg","width":250,"height":250,"caption":"insieme"},"image":{"@id":"https:\/\/insieme.ch\/fr\/#\/schema\/logo\/image\/"}},{"@type":"Person","@id":"https:\/\/insieme.ch\/fr\/#\/schema\/person\/396bf75d7cbe7cdc82075b82103416b1","name":"Premiere Place","image":{"@type":"ImageObject","inLanguage":"fr-FR","@id":"https:\/\/secure.gravatar.com\/avatar\/5091af20ac2a44cb521992f13fec8a09deb308a5b721983dec39b595a5302c6a?s=96&d=mm&r=g","url":"https:\/\/secure.gravatar.com\/avatar\/5091af20ac2a44cb521992f13fec8a09deb308a5b721983dec39b595a5302c6a?s=96&d=mm&r=g","contentUrl":"https:\/\/secure.gravatar.com\/avatar\/5091af20ac2a44cb521992f13fec8a09deb308a5b721983dec39b595a5302c6a?s=96&d=mm&r=g","caption":"Premiere Place"}}]}},"_links":{"self":[{"href":"https:\/\/insieme.ch\/fr\/wp-json\/wp\/v2\/posts\/6673","targetHints":{"allow":["GET"]}}],"collection":[{"href":"https:\/\/insieme.ch\/fr\/wp-json\/wp\/v2\/posts"}],"about":[{"href":"https:\/\/insieme.ch\/fr\/wp-json\/wp\/v2\/types\/post"}],"author":[{"embeddable":true,"href":"https:\/\/insieme.ch\/fr\/wp-json\/wp\/v2\/users\/7"}],"replies":[{"embeddable":true,"href":"https:\/\/insieme.ch\/fr\/wp-json\/wp\/v2\/comments?post=6673"}],"version-history":[{"count":2,"href":"https:\/\/insieme.ch\/fr\/wp-json\/wp\/v2\/posts\/6673\/revisions"}],"predecessor-version":[{"id":9671,"href":"https:\/\/insieme.ch\/fr\/wp-json\/wp\/v2\/posts\/6673\/revisions\/9671"}],"wp:featuredmedia":[{"embeddable":true,"href":"https:\/\/insieme.ch\/fr\/wp-json\/wp\/v2\/media\/6403"}],"wp:attachment":[{"href":"https:\/\/insieme.ch\/fr\/wp-json\/wp\/v2\/media?parent=6673"}],"wp:term":[{"taxonomy":"category","embeddable":true,"href":"https:\/\/insieme.ch\/fr\/wp-json\/wp\/v2\/categories?post=6673"},{"taxonomy":"post_tag","embeddable":true,"href":"https:\/\/insieme.ch\/fr\/wp-json\/wp\/v2\/tags?post=6673"}],"curies":[{"name":"wp","href":"https:\/\/api.w.org\/{rel}","templated":true}]}}