{"id":29562,"date":"2025-05-06T10:38:31","date_gmt":"2025-05-06T08:38:31","guid":{"rendered":"https:\/\/insieme.ch\/?p=29562"},"modified":"2025-05-06T10:38:31","modified_gmt":"2025-05-06T08:38:31","slug":"le-conseil-national-en-faveur-du-droit-de-vote-pour-toutes-les-personnes-en-situation-de-handicap","status":"publish","type":"post","link":"https:\/\/insieme.ch\/fr\/news\/inclusion\/le-conseil-national-en-faveur-du-droit-de-vote-pour-toutes-les-personnes-en-situation-de-handicap\/","title":{"rendered":"Le Conseil national en faveur du droit de vote pour toutes les personnes en situation de handicap\u00a0\u00a0\u00a0"},"content":{"rendered":"<p><!-- flzn:zn_pagebanner --><\/p>\n<header id=\"flzn-pagebanner-1\" class=\"zone zn-pagebanner with-bg bg-color\"><span class=\"zone-bg bg-color bgc-yellow-light alignfull\"><\/span><\/p>\n<div class=\"zone-block zn-pagebanner-block alignwide va-center\"><\/div>\n<\/header>\n<p><!-- \/flzn:zn_pagebanner --><br \/>\n<!-- flzn:zn_intro --><\/p>\n<div id=\"flzn-intro-1\" class=\"zone zn-intro with-bg bg-color\"><span class=\"zone-bg bg-color bgc-white alignfull\"><\/span><\/p>\n<div class=\"zone-block zn-intro-block alignsimple va-top\">\n<div class=\"addthis_inline_share_toolbox\">\n<div class=\"a2a_kit a2a_kit_size_40\" style=\"margin-bottom: 15px;\" data-a2a-icon-color=\"#e24736,#ffffff\">\n\t\t\t\t\t\t<a class=\"a2a_button_facebook\"><\/a><br \/>\n\t\t\t\t\t\t<a class=\"a2a_button_twitter\"><\/a><br \/>\n\t\t\t\t\t\t<a class=\"a2a_button_print\"><\/a><br \/>\n\t\t\t\t\t\t<a class=\"a2a_button_email\"><\/a><br \/>\n\t\t\t\t\t\t<a class=\"a2a_dd\" href=\"https:\/\/www.addtoany.com\/share\"><\/a>\n\t\t\t\t\t<\/div>\n<\/p><\/div>\n<div class=\"row mw-content-zone  \">\n<div class=\"columns large-12\">\n<div class=\"row large-up-1 with-nice-alignment nbloc-1\">\n<div class=\"column zn-intro-col\">\n<div class=\"column-inner\">\n<div class=\"wig-content mw-content\">\n<h4><b><span data-contrast=\"auto\">Lors de la session sp\u00e9ciale, le Conseil national a adopt\u00e9 une motion qui entend supprimer de la Constitution une disposition discriminatoire qui prive les personnes en situation de handicap\u202fdu droit de vote.<\/span><\/b><span data-ccp-props=\"{}\">\u00a0<\/span><!--more--><\/h4>\n<p><span data-contrast=\"auto\">Le Conseil national vient d&#8217;adopter la motion de la Commission des institutions politiques du Conseil national (CIP-N) qui vise \u00e0 supprimer l&#8217;exclusion du droit de vote des personnes en situation de handicap. Aujourd&#8217;hui, de nombreuses personnes en situation de handicap sont priv\u00e9es du droit de vote et d&#8217;\u00e9ligibilit\u00e9. Cela concerne en particulier les personnes vivant avec une d\u00e9ficience intellectuelle. En cause, l&#8217;article 136 de la Constitution f\u00e9d\u00e9rale suisse, selon lequel les personnes \u00ab<\/span> <span data-contrast=\"auto\">interdites pour cause de maladie mentale ou de faiblesse d\u2019esprit<\/span> <span data-contrast=\"auto\">\u00bb ne peuvent pas voter. Cela concerne environ 16\u2019000 personnes sous curatelle de port\u00e9e g\u00e9n\u00e9rale ou repr\u00e9sent\u00e9es dans le cadre d\u2019un mandat pour cause d\u2019inaptitude.\u202f\u202f<\/span><\/p>\n<p>&nbsp;<\/p>\n<p><img loading=\"lazy\" decoding=\"async\" class=\"aligncenter wp-image-29560 size-large\" src=\"https:\/\/insieme.ch\/wp-inside\/uploads\/2025\/03\/483488476_1071673964988001_337994895900939379_n-819x1024.jpg\" alt=\"\" width=\"819\" height=\"1024\" srcset=\"https:\/\/insieme.ch\/wp-inside\/uploads\/2025\/03\/483488476_1071673964988001_337994895900939379_n-819x1024.jpg 819w, https:\/\/insieme.ch\/wp-inside\/uploads\/2025\/03\/483488476_1071673964988001_337994895900939379_n-240x300.jpg 240w, https:\/\/insieme.ch\/wp-inside\/uploads\/2025\/03\/483488476_1071673964988001_337994895900939379_n-768x960.jpg 768w, https:\/\/insieme.ch\/wp-inside\/uploads\/2025\/03\/483488476_1071673964988001_337994895900939379_n-256x320.jpg 256w, https:\/\/insieme.ch\/wp-inside\/uploads\/2025\/03\/483488476_1071673964988001_337994895900939379_n-800x1000.jpg 800w, https:\/\/insieme.ch\/wp-inside\/uploads\/2025\/03\/483488476_1071673964988001_337994895900939379_n-320x400.jpg 320w, https:\/\/insieme.ch\/wp-inside\/uploads\/2025\/03\/483488476_1071673964988001_337994895900939379_n.jpg 1080w\" sizes=\"auto, (max-width: 819px) 100vw, 819px\" \/><\/p>\n<h4><\/h4>\n<h4><b><span data-contrast=\"auto\">Une d\u00e9cision qui suit des \u00e9volutions cantonales<\/span><\/b><span data-ccp-props=\"{}\">\u00a0<\/span><\/h4>\n<p><span data-contrast=\"auto\">Le Conseil national r\u00e9pond ainsi \u00e0 une revendication centrale d&#8217;insieme Suisse et initie un changement attendu depuis longtemps au niveau national. \u202fIl suit ainsi une \u00e9volution qui est d\u00e9j\u00e0 une r\u00e9alit\u00e9 dans plusieurs cantons. La privation du droit de vote, ancr\u00e9e actuellement dans la Constitution, est en effet discriminatoire et contraire \u00e0 la Convention de l&#8217;ONU relative aux droits des personnes handicap\u00e9es. Elle exclut toutes les personnes qui sont sous curatelle de port\u00e9e g\u00e9n\u00e9rale parce qu\u2019elles ont besoin de soutien au quotidien. Cette disposition rel\u00e8gue ainsi toutes les personnes concern\u00e9es au rang de citoyen\u00b7ne de seconde zone.\u202f<\/span><span data-ccp-props=\"{}\">\u00a0<\/span><\/p>\n<p><span data-contrast=\"auto\">insieme Suisse continuera \u00e0 s&#8217;engager pour que les personnes en situation de handicap mental aient la possibilit\u00e9 de participer \u00e0 la vie politique. Chaque citoyen<\/span><span data-contrast=\"auto\">\u2e31<\/span><span data-contrast=\"auto\">ne doit avoir la libert\u00e9 de d\u00e9cider s&#8217;il.elle \u00a0veut ou non exercer ses droits politiques. Des informations accessibles doivent \u00e9galement \u00eatre mises \u00e0 disposition pour que les personnes concern\u00e9es puissent se renseigner. \u00a0\u202f<\/span><span data-ccp-props=\"{}\">\u00a0<\/span><\/p>\n<p><span data-ccp-props=\"{}\">\u00a0<\/span><\/p>\n<p><span data-ccp-props=\"{}\">\u00a0<\/span><\/p>\n<p><span data-contrast=\"auto\">\u202f<\/span><span data-ccp-props=\"{}\">\u00a0<\/span><\/p>\n<p><span data-ccp-props=\"{}\">\u00a0<\/span><\/p>\n<\/p><\/div>\n<\/p><\/div>\n<\/p><\/div>\n<\/p><\/div>\n<\/p><\/div>\n<\/p><\/div>\n<\/div>\n<\/div>\n<p><!-- \/flzn:zn_intro --><\/p>\n","protected":false},"excerpt":{"rendered":"<p>Une motion veut supprimer de la Constitution l\u2019exclusion discriminatoire des personnes en situation de handicap\u00a0du droit de vote. Elle vient d&#8217;\u00eatre adopt\u00e9 par le Conseil national.<\/p>\n","protected":false},"author":3,"featured_media":29560,"comment_status":"closed","ping_status":"closed","sticky":false,"template":"","format":"standard","meta":{"_acf_changed":false,"footnotes":"","_wpscppro_dont_share_socialmedia":null,"_wpscppro_custom_social_share_image":0,"_facebook_share_type":"default","_twitter_share_type":"default","_linkedin_share_type":"default","_pinterest_share_type":"default","_linkedin_share_type_page":"","_instagram_share_type":"default","_medium_share_type":"default","_threads_share_type":"","_google_business_share_type":"","_selected_social_profile":[],"_wpsp_enable_custom_social_template":false,"_wpsp_social_scheduling":{"enabled":false,"datetime":null,"platforms":[],"status":"template_only","dateOption":"today","timeOption":"now","customDays":"","customHours":"","customDate":"","customTime":"","schedulingType":"absolute"},"_wpsp_active_default_template":true},"categories":[156],"tags":[],"class_list":["post-29562","post","type-post","status-publish","format-standard","has-post-thumbnail","hentry","category-inclusion","wp-sticky"],"acf":[],"yoast_head":"<!-- This site is optimized with the Yoast SEO plugin v27.4 - https:\/\/yoast.com\/product\/yoast-seo-wordpress\/ -->\n<title>Le Conseil national en faveur du droit de vote pour toutes les personnes en situation de handicap\u00a0\u00a0\u00a0<\/title>\n<meta name=\"description\" content=\"Le Conseil national r\u00e9pond ainsi \u00e0 une revendication centrale d&#039;insieme Suisse et initie un changement attendu depuis longtemps au niveau national.\" \/>\n<meta name=\"robots\" content=\"index, follow, max-snippet:-1, max-image-preview:large, max-video-preview:-1\" \/>\n<link rel=\"canonical\" href=\"https:\/\/insieme.ch\/fr\/news\/inclusion\/le-conseil-national-en-faveur-du-droit-de-vote-pour-toutes-les-personnes-en-situation-de-handicap\/\" \/>\n<meta property=\"og:locale\" content=\"fr_FR\" \/>\n<meta property=\"og:type\" content=\"article\" \/>\n<meta property=\"og:title\" content=\"Le Conseil national en faveur du droit de vote pour toutes les personnes en situation de handicap\u00a0\u00a0\u00a0\" \/>\n<meta property=\"og:description\" content=\"Le Conseil national r\u00e9pond ainsi \u00e0 une revendication centrale d&#039;insieme Suisse et initie un changement attendu depuis longtemps au niveau national.\" \/>\n<meta property=\"og:url\" content=\"https:\/\/insieme.ch\/fr\/news\/inclusion\/le-conseil-national-en-faveur-du-droit-de-vote-pour-toutes-les-personnes-en-situation-de-handicap\/\" \/>\n<meta property=\"og:site_name\" content=\"insieme.ch\" \/>\n<meta property=\"article:published_time\" content=\"2025-05-06T08:38:31+00:00\" \/>\n<meta property=\"og:image\" content=\"https:\/\/insieme.ch\/wp-inside\/uploads\/2025\/03\/483488476_1071673964988001_337994895900939379_n.jpg\" \/>\n\t<meta property=\"og:image:width\" content=\"1080\" \/>\n\t<meta property=\"og:image:height\" content=\"1350\" \/>\n\t<meta property=\"og:image:type\" content=\"image\/jpeg\" \/>\n<meta name=\"author\" content=\"Lise Tran\" \/>\n<meta name=\"twitter:card\" content=\"summary_large_image\" \/>\n<meta name=\"twitter:label1\" content=\"\u00c9crit par\" \/>\n\t<meta name=\"twitter:data1\" content=\"Lise Tran\" \/>\n\t<meta name=\"twitter:label2\" content=\"Dur\u00e9e de lecture estim\u00e9e\" \/>\n\t<meta name=\"twitter:data2\" content=\"2 minutes\" \/>\n<script type=\"application\/ld+json\" class=\"yoast-schema-graph\">{\"@context\":\"https:\\\/\\\/schema.org\",\"@graph\":[{\"@type\":\"Article\",\"@id\":\"https:\\\/\\\/insieme.ch\\\/fr\\\/news\\\/inclusion\\\/le-conseil-national-en-faveur-du-droit-de-vote-pour-toutes-les-personnes-en-situation-de-handicap\\\/#article\",\"isPartOf\":{\"@id\":\"https:\\\/\\\/insieme.ch\\\/fr\\\/news\\\/inclusion\\\/le-conseil-national-en-faveur-du-droit-de-vote-pour-toutes-les-personnes-en-situation-de-handicap\\\/\"},\"author\":{\"name\":\"Lise Tran\",\"@id\":\"https:\\\/\\\/insieme.ch\\\/fr\\\/#\\\/schema\\\/person\\\/48d0d97cbe408d1edf6d5c70bae925fa\"},\"headline\":\"Le Conseil national en faveur du droit de vote pour toutes les personnes en situation de handicap\u00a0\u00a0\u00a0\",\"datePublished\":\"2025-05-06T08:38:31+00:00\",\"mainEntityOfPage\":{\"@id\":\"https:\\\/\\\/insieme.ch\\\/fr\\\/news\\\/inclusion\\\/le-conseil-national-en-faveur-du-droit-de-vote-pour-toutes-les-personnes-en-situation-de-handicap\\\/\"},\"wordCount\":348,\"publisher\":{\"@id\":\"https:\\\/\\\/insieme.ch\\\/fr\\\/#organization\"},\"image\":{\"@id\":\"https:\\\/\\\/insieme.ch\\\/fr\\\/news\\\/inclusion\\\/le-conseil-national-en-faveur-du-droit-de-vote-pour-toutes-les-personnes-en-situation-de-handicap\\\/#primaryimage\"},\"thumbnailUrl\":\"https:\\\/\\\/insieme.ch\\\/wp-inside\\\/uploads\\\/2025\\\/03\\\/483488476_1071673964988001_337994895900939379_n.jpg\",\"articleSection\":[\"Inclusion\"],\"inLanguage\":\"fr-FR\"},{\"@type\":\"WebPage\",\"@id\":\"https:\\\/\\\/insieme.ch\\\/fr\\\/news\\\/inclusion\\\/le-conseil-national-en-faveur-du-droit-de-vote-pour-toutes-les-personnes-en-situation-de-handicap\\\/\",\"url\":\"https:\\\/\\\/insieme.ch\\\/fr\\\/news\\\/inclusion\\\/le-conseil-national-en-faveur-du-droit-de-vote-pour-toutes-les-personnes-en-situation-de-handicap\\\/\",\"name\":\"Le Conseil national en faveur du droit de vote pour toutes les personnes en situation de handicap\u00a0\u00a0\u00a0\",\"isPartOf\":{\"@id\":\"https:\\\/\\\/insieme.ch\\\/fr\\\/#website\"},\"primaryImageOfPage\":{\"@id\":\"https:\\\/\\\/insieme.ch\\\/fr\\\/news\\\/inclusion\\\/le-conseil-national-en-faveur-du-droit-de-vote-pour-toutes-les-personnes-en-situation-de-handicap\\\/#primaryimage\"},\"image\":{\"@id\":\"https:\\\/\\\/insieme.ch\\\/fr\\\/news\\\/inclusion\\\/le-conseil-national-en-faveur-du-droit-de-vote-pour-toutes-les-personnes-en-situation-de-handicap\\\/#primaryimage\"},\"thumbnailUrl\":\"https:\\\/\\\/insieme.ch\\\/wp-inside\\\/uploads\\\/2025\\\/03\\\/483488476_1071673964988001_337994895900939379_n.jpg\",\"datePublished\":\"2025-05-06T08:38:31+00:00\",\"description\":\"Le Conseil national r\u00e9pond ainsi \u00e0 une revendication centrale d'insieme Suisse et initie un changement attendu depuis longtemps au niveau national.\",\"breadcrumb\":{\"@id\":\"https:\\\/\\\/insieme.ch\\\/fr\\\/news\\\/inclusion\\\/le-conseil-national-en-faveur-du-droit-de-vote-pour-toutes-les-personnes-en-situation-de-handicap\\\/#breadcrumb\"},\"inLanguage\":\"fr-FR\",\"potentialAction\":[{\"@type\":\"ReadAction\",\"target\":[\"https:\\\/\\\/insieme.ch\\\/fr\\\/news\\\/inclusion\\\/le-conseil-national-en-faveur-du-droit-de-vote-pour-toutes-les-personnes-en-situation-de-handicap\\\/\"]}]},{\"@type\":\"ImageObject\",\"inLanguage\":\"fr-FR\",\"@id\":\"https:\\\/\\\/insieme.ch\\\/fr\\\/news\\\/inclusion\\\/le-conseil-national-en-faveur-du-droit-de-vote-pour-toutes-les-personnes-en-situation-de-handicap\\\/#primaryimage\",\"url\":\"https:\\\/\\\/insieme.ch\\\/wp-inside\\\/uploads\\\/2025\\\/03\\\/483488476_1071673964988001_337994895900939379_n.jpg\",\"contentUrl\":\"https:\\\/\\\/insieme.ch\\\/wp-inside\\\/uploads\\\/2025\\\/03\\\/483488476_1071673964988001_337994895900939379_n.jpg\",\"width\":1080,\"height\":1350},{\"@type\":\"BreadcrumbList\",\"@id\":\"https:\\\/\\\/insieme.ch\\\/fr\\\/news\\\/inclusion\\\/le-conseil-national-en-faveur-du-droit-de-vote-pour-toutes-les-personnes-en-situation-de-handicap\\\/#breadcrumb\",\"itemListElement\":[{\"@type\":\"ListItem\",\"position\":1,\"name\":\"Accueil\",\"item\":\"https:\\\/\\\/insieme.ch\\\/fr\\\/\"},{\"@type\":\"ListItem\",\"position\":2,\"name\":\"News\",\"item\":\"https:\\\/\\\/insieme.ch\\\/fr\\\/news\\\/\"},{\"@type\":\"ListItem\",\"position\":3,\"name\":\"Inclusion\",\"item\":\"https:\\\/\\\/insieme.ch\\\/fr\\\/news\\\/inclusion\\\/\"},{\"@type\":\"ListItem\",\"position\":4,\"name\":\"Le Conseil national en faveur du droit de vote pour toutes les personnes en situation de handicap\u00a0\u00a0\u00a0\"}]},{\"@type\":\"WebSite\",\"@id\":\"https:\\\/\\\/insieme.ch\\\/fr\\\/#website\",\"url\":\"https:\\\/\\\/insieme.ch\\\/fr\\\/\",\"name\":\"insieme.ch\",\"description\":\"\",\"publisher\":{\"@id\":\"https:\\\/\\\/insieme.ch\\\/fr\\\/#organization\"},\"potentialAction\":[{\"@type\":\"SearchAction\",\"target\":{\"@type\":\"EntryPoint\",\"urlTemplate\":\"https:\\\/\\\/insieme.ch\\\/fr\\\/?s={search_term_string}\"},\"query-input\":{\"@type\":\"PropertyValueSpecification\",\"valueRequired\":true,\"valueName\":\"search_term_string\"}}],\"inLanguage\":\"fr-FR\"},{\"@type\":\"Organization\",\"@id\":\"https:\\\/\\\/insieme.ch\\\/fr\\\/#organization\",\"name\":\"insieme\",\"url\":\"https:\\\/\\\/insieme.ch\\\/fr\\\/\",\"logo\":{\"@type\":\"ImageObject\",\"inLanguage\":\"fr-FR\",\"@id\":\"https:\\\/\\\/insieme.ch\\\/fr\\\/#\\\/schema\\\/logo\\\/image\\\/\",\"url\":\"https:\\\/\\\/insieme.ch\\\/wp-inside\\\/uploads\\\/2021\\\/03\\\/logo-insieme.jpg\",\"contentUrl\":\"https:\\\/\\\/insieme.ch\\\/wp-inside\\\/uploads\\\/2021\\\/03\\\/logo-insieme.jpg\",\"width\":250,\"height\":250,\"caption\":\"insieme\"},\"image\":{\"@id\":\"https:\\\/\\\/insieme.ch\\\/fr\\\/#\\\/schema\\\/logo\\\/image\\\/\"}},{\"@type\":\"Person\",\"@id\":\"https:\\\/\\\/insieme.ch\\\/fr\\\/#\\\/schema\\\/person\\\/48d0d97cbe408d1edf6d5c70bae925fa\",\"name\":\"Lise Tran\",\"image\":{\"@type\":\"ImageObject\",\"inLanguage\":\"fr-FR\",\"@id\":\"https:\\\/\\\/secure.gravatar.com\\\/avatar\\\/4c1028ac8c35a45d0420275ec991fe6d9964020c33f7db80209f71a09cbfc3a8?s=96&d=mm&r=g\",\"url\":\"https:\\\/\\\/secure.gravatar.com\\\/avatar\\\/4c1028ac8c35a45d0420275ec991fe6d9964020c33f7db80209f71a09cbfc3a8?s=96&d=mm&r=g\",\"contentUrl\":\"https:\\\/\\\/secure.gravatar.com\\\/avatar\\\/4c1028ac8c35a45d0420275ec991fe6d9964020c33f7db80209f71a09cbfc3a8?s=96&d=mm&r=g\",\"caption\":\"Lise Tran\"}}]}<\/script>\n<!-- \/ Yoast SEO plugin. -->","yoast_head_json":{"title":"Le Conseil national en faveur du droit de vote pour toutes les personnes en situation de handicap\u00a0\u00a0\u00a0","description":"Le Conseil national r\u00e9pond ainsi \u00e0 une revendication centrale d'insieme Suisse et initie un changement attendu depuis longtemps au niveau national.","robots":{"index":"index","follow":"follow","max-snippet":"max-snippet:-1","max-image-preview":"max-image-preview:large","max-video-preview":"max-video-preview:-1"},"canonical":"https:\/\/insieme.ch\/fr\/news\/inclusion\/le-conseil-national-en-faveur-du-droit-de-vote-pour-toutes-les-personnes-en-situation-de-handicap\/","og_locale":"fr_FR","og_type":"article","og_title":"Le Conseil national en faveur du droit de vote pour toutes les personnes en situation de handicap\u00a0\u00a0\u00a0","og_description":"Le Conseil national r\u00e9pond ainsi \u00e0 une revendication centrale d'insieme Suisse et initie un changement attendu depuis longtemps au niveau national.","og_url":"https:\/\/insieme.ch\/fr\/news\/inclusion\/le-conseil-national-en-faveur-du-droit-de-vote-pour-toutes-les-personnes-en-situation-de-handicap\/","og_site_name":"insieme.ch","article_published_time":"2025-05-06T08:38:31+00:00","og_image":[{"width":1080,"height":1350,"url":"https:\/\/insieme.ch\/wp-inside\/uploads\/2025\/03\/483488476_1071673964988001_337994895900939379_n.jpg","type":"image\/jpeg"}],"author":"Lise Tran","twitter_card":"summary_large_image","twitter_misc":{"\u00c9crit par":"Lise Tran","Dur\u00e9e de lecture estim\u00e9e":"2 minutes"},"schema":{"@context":"https:\/\/schema.org","@graph":[{"@type":"Article","@id":"https:\/\/insieme.ch\/fr\/news\/inclusion\/le-conseil-national-en-faveur-du-droit-de-vote-pour-toutes-les-personnes-en-situation-de-handicap\/#article","isPartOf":{"@id":"https:\/\/insieme.ch\/fr\/news\/inclusion\/le-conseil-national-en-faveur-du-droit-de-vote-pour-toutes-les-personnes-en-situation-de-handicap\/"},"author":{"name":"Lise Tran","@id":"https:\/\/insieme.ch\/fr\/#\/schema\/person\/48d0d97cbe408d1edf6d5c70bae925fa"},"headline":"Le Conseil national en faveur du droit de vote pour toutes les personnes en situation de handicap\u00a0\u00a0\u00a0","datePublished":"2025-05-06T08:38:31+00:00","mainEntityOfPage":{"@id":"https:\/\/insieme.ch\/fr\/news\/inclusion\/le-conseil-national-en-faveur-du-droit-de-vote-pour-toutes-les-personnes-en-situation-de-handicap\/"},"wordCount":348,"publisher":{"@id":"https:\/\/insieme.ch\/fr\/#organization"},"image":{"@id":"https:\/\/insieme.ch\/fr\/news\/inclusion\/le-conseil-national-en-faveur-du-droit-de-vote-pour-toutes-les-personnes-en-situation-de-handicap\/#primaryimage"},"thumbnailUrl":"https:\/\/insieme.ch\/wp-inside\/uploads\/2025\/03\/483488476_1071673964988001_337994895900939379_n.jpg","articleSection":["Inclusion"],"inLanguage":"fr-FR"},{"@type":"WebPage","@id":"https:\/\/insieme.ch\/fr\/news\/inclusion\/le-conseil-national-en-faveur-du-droit-de-vote-pour-toutes-les-personnes-en-situation-de-handicap\/","url":"https:\/\/insieme.ch\/fr\/news\/inclusion\/le-conseil-national-en-faveur-du-droit-de-vote-pour-toutes-les-personnes-en-situation-de-handicap\/","name":"Le Conseil national en faveur du droit de vote pour toutes les personnes en situation de handicap\u00a0\u00a0\u00a0","isPartOf":{"@id":"https:\/\/insieme.ch\/fr\/#website"},"primaryImageOfPage":{"@id":"https:\/\/insieme.ch\/fr\/news\/inclusion\/le-conseil-national-en-faveur-du-droit-de-vote-pour-toutes-les-personnes-en-situation-de-handicap\/#primaryimage"},"image":{"@id":"https:\/\/insieme.ch\/fr\/news\/inclusion\/le-conseil-national-en-faveur-du-droit-de-vote-pour-toutes-les-personnes-en-situation-de-handicap\/#primaryimage"},"thumbnailUrl":"https:\/\/insieme.ch\/wp-inside\/uploads\/2025\/03\/483488476_1071673964988001_337994895900939379_n.jpg","datePublished":"2025-05-06T08:38:31+00:00","description":"Le Conseil national r\u00e9pond ainsi \u00e0 une revendication centrale d'insieme Suisse et initie un changement attendu depuis longtemps au niveau national.","breadcrumb":{"@id":"https:\/\/insieme.ch\/fr\/news\/inclusion\/le-conseil-national-en-faveur-du-droit-de-vote-pour-toutes-les-personnes-en-situation-de-handicap\/#breadcrumb"},"inLanguage":"fr-FR","potentialAction":[{"@type":"ReadAction","target":["https:\/\/insieme.ch\/fr\/news\/inclusion\/le-conseil-national-en-faveur-du-droit-de-vote-pour-toutes-les-personnes-en-situation-de-handicap\/"]}]},{"@type":"ImageObject","inLanguage":"fr-FR","@id":"https:\/\/insieme.ch\/fr\/news\/inclusion\/le-conseil-national-en-faveur-du-droit-de-vote-pour-toutes-les-personnes-en-situation-de-handicap\/#primaryimage","url":"https:\/\/insieme.ch\/wp-inside\/uploads\/2025\/03\/483488476_1071673964988001_337994895900939379_n.jpg","contentUrl":"https:\/\/insieme.ch\/wp-inside\/uploads\/2025\/03\/483488476_1071673964988001_337994895900939379_n.jpg","width":1080,"height":1350},{"@type":"BreadcrumbList","@id":"https:\/\/insieme.ch\/fr\/news\/inclusion\/le-conseil-national-en-faveur-du-droit-de-vote-pour-toutes-les-personnes-en-situation-de-handicap\/#breadcrumb","itemListElement":[{"@type":"ListItem","position":1,"name":"Accueil","item":"https:\/\/insieme.ch\/fr\/"},{"@type":"ListItem","position":2,"name":"News","item":"https:\/\/insieme.ch\/fr\/news\/"},{"@type":"ListItem","position":3,"name":"Inclusion","item":"https:\/\/insieme.ch\/fr\/news\/inclusion\/"},{"@type":"ListItem","position":4,"name":"Le Conseil national en faveur du droit de vote pour toutes les personnes en situation de handicap\u00a0\u00a0\u00a0"}]},{"@type":"WebSite","@id":"https:\/\/insieme.ch\/fr\/#website","url":"https:\/\/insieme.ch\/fr\/","name":"insieme.ch","description":"","publisher":{"@id":"https:\/\/insieme.ch\/fr\/#organization"},"potentialAction":[{"@type":"SearchAction","target":{"@type":"EntryPoint","urlTemplate":"https:\/\/insieme.ch\/fr\/?s={search_term_string}"},"query-input":{"@type":"PropertyValueSpecification","valueRequired":true,"valueName":"search_term_string"}}],"inLanguage":"fr-FR"},{"@type":"Organization","@id":"https:\/\/insieme.ch\/fr\/#organization","name":"insieme","url":"https:\/\/insieme.ch\/fr\/","logo":{"@type":"ImageObject","inLanguage":"fr-FR","@id":"https:\/\/insieme.ch\/fr\/#\/schema\/logo\/image\/","url":"https:\/\/insieme.ch\/wp-inside\/uploads\/2021\/03\/logo-insieme.jpg","contentUrl":"https:\/\/insieme.ch\/wp-inside\/uploads\/2021\/03\/logo-insieme.jpg","width":250,"height":250,"caption":"insieme"},"image":{"@id":"https:\/\/insieme.ch\/fr\/#\/schema\/logo\/image\/"}},{"@type":"Person","@id":"https:\/\/insieme.ch\/fr\/#\/schema\/person\/48d0d97cbe408d1edf6d5c70bae925fa","name":"Lise Tran","image":{"@type":"ImageObject","inLanguage":"fr-FR","@id":"https:\/\/secure.gravatar.com\/avatar\/4c1028ac8c35a45d0420275ec991fe6d9964020c33f7db80209f71a09cbfc3a8?s=96&d=mm&r=g","url":"https:\/\/secure.gravatar.com\/avatar\/4c1028ac8c35a45d0420275ec991fe6d9964020c33f7db80209f71a09cbfc3a8?s=96&d=mm&r=g","contentUrl":"https:\/\/secure.gravatar.com\/avatar\/4c1028ac8c35a45d0420275ec991fe6d9964020c33f7db80209f71a09cbfc3a8?s=96&d=mm&r=g","caption":"Lise Tran"}}]}},"_links":{"self":[{"href":"https:\/\/insieme.ch\/fr\/wp-json\/wp\/v2\/posts\/29562","targetHints":{"allow":["GET"]}}],"collection":[{"href":"https:\/\/insieme.ch\/fr\/wp-json\/wp\/v2\/posts"}],"about":[{"href":"https:\/\/insieme.ch\/fr\/wp-json\/wp\/v2\/types\/post"}],"author":[{"embeddable":true,"href":"https:\/\/insieme.ch\/fr\/wp-json\/wp\/v2\/users\/3"}],"replies":[{"embeddable":true,"href":"https:\/\/insieme.ch\/fr\/wp-json\/wp\/v2\/comments?post=29562"}],"version-history":[{"count":3,"href":"https:\/\/insieme.ch\/fr\/wp-json\/wp\/v2\/posts\/29562\/revisions"}],"predecessor-version":[{"id":29881,"href":"https:\/\/insieme.ch\/fr\/wp-json\/wp\/v2\/posts\/29562\/revisions\/29881"}],"wp:featuredmedia":[{"embeddable":true,"href":"https:\/\/insieme.ch\/fr\/wp-json\/wp\/v2\/media\/29560"}],"wp:attachment":[{"href":"https:\/\/insieme.ch\/fr\/wp-json\/wp\/v2\/media?parent=29562"}],"wp:term":[{"taxonomy":"category","embeddable":true,"href":"https:\/\/insieme.ch\/fr\/wp-json\/wp\/v2\/categories?post=29562"},{"taxonomy":"post_tag","embeddable":true,"href":"https:\/\/insieme.ch\/fr\/wp-json\/wp\/v2\/tags?post=29562"}],"curies":[{"name":"wp","href":"https:\/\/api.w.org\/{rel}","templated":true}]}}