{"id":20402,"date":"2023-09-20T17:09:28","date_gmt":"2023-09-20T15:09:28","guid":{"rendered":"https:\/\/insieme.ch\/?p=20402"},"modified":"2023-09-20T17:11:00","modified_gmt":"2023-09-20T15:11:00","slug":"participation-politique-lancement-de-la-campagne-jevote","status":"publish","type":"post","link":"https:\/\/insieme.ch\/fr\/news\/inclusion\/participation-politique-lancement-de-la-campagne-jevote\/","title":{"rendered":"Participation politique&#160;: lancement de la campagne #JeVote"},"content":{"rendered":"<p><!-- flzn:zn_pagebanner --><\/p>\n<header id=\"flzn-pagebanner-1\" class=\"zone zn-pagebanner with-bg bg-color\"><span class=\"zone-bg bg-color bgc-yellow-light alignfull\"><\/span><\/p>\n<div class=\"zone-block zn-pagebanner-block alignwide va-center\"><\/div>\n<\/header>\n<p><!-- \/flzn:zn_pagebanner --><br \/>\n<!-- flzn:zn_intro --><\/p>\n<div id=\"flzn-intro-1\" class=\"zone zn-intro with-bg bg-color\"><span class=\"zone-bg bg-color bgc-white alignfull\"><\/span><\/p>\n<div class=\"zone-block zn-intro-block pdd-top pdd-bottom alignsimple va-top\">\n<div class=\"addthis_inline_share_toolbox\">\n<div class=\"a2a_kit a2a_kit_size_40\" style=\"margin-bottom: 15px;\" data-a2a-icon-color=\"#e24736,#ffffff\">\n\t\t\t\t\t\t<a class=\"a2a_button_facebook\"><\/a><br \/>\n\t\t\t\t\t\t<a class=\"a2a_button_twitter\"><\/a><br \/>\n\t\t\t\t\t\t<a class=\"a2a_button_print\"><\/a><br \/>\n\t\t\t\t\t\t<a class=\"a2a_button_email\"><\/a><br \/>\n\t\t\t\t\t\t<a class=\"a2a_dd\" href=\"https:\/\/www.addtoany.com\/share\"><\/a>\n\t\t\t\t\t<\/div>\n<\/p><\/div>\n<div class=\"row mw-content-zone  \">\n<div class=\"columns large-12\">\n<div class=\"row large-up-1 with-nice-alignment nbloc-1\">\n<div class=\"column zn-intro-col\">\n<div class=\"column-inner\">\n<div class=\"wig-content mw-content\">\n<h4><strong>Les personnes en situation de handicap mental se forgent une opinion et participent \u00e0 la vie politique. Pour les \u00e9lections f\u00e9d\u00e9rales du 22 octobre 2023, insieme Suisse a \u00e9labor\u00e9 un guide pour voter en langue facile. La campagne #JeVote d\u00e9marre aujourd\u2019hui sur les r\u00e9seaux sociaux.<\/strong><\/h4>\n<p><!--more--><\/p>\n<p>Le guide pour voter en langue facile a \u00e9t\u00e9 r\u00e9alis\u00e9 par insieme Suisse, en collaboration avec des personnes vivant avec une d\u00e9ficience intellectuelle, la Chancellerie f\u00e9d\u00e9rale et Capito Zurich. Il explique le syst\u00e8me politique suisse et la mani\u00e8re de remplir son bulletin de vote, de le d\u00e9poser dans l&rsquo;urne ou de l&rsquo;envoyer par la poste.<\/p>\n<h3><strong>Des entretiens avec des personnalit\u00e9s politiques<\/strong><\/h3>\n<p>Parall\u00e8lement, insieme Suisse lance la campagne #JeVote, qui veut sensibiliser l\u2019opinion publique \u00e0 la th\u00e9matique de la participation politique. Les clips vid\u00e9o r\u00e9alis\u00e9s pour celle-ci au Palais f\u00e9d\u00e9ral donnent \u00e0 voir des personnes vivant avec un handicap mental s\u2019entretenir avec des politicien\u00b7ne\u00b7s.<\/p>\n<p>&nbsp;<\/p>\n<div id=\"attachment_20397\" class=\"wp-caption alignnone\" style=\"width:100%;max-width:1366px\"><img decoding=\"async\" loading=\"lazy\" class=\"wp-image-20397 size-full\" src=\"https:\/\/insieme.ch\/wp-inside\/uploads\/2023\/09\/image-montage.jpg\" alt=\"\" width=\"1366\" height=\"768\" srcset=\"https:\/\/insieme.ch\/wp-inside\/uploads\/2023\/09\/image-montage.jpg 1366w, https:\/\/insieme.ch\/wp-inside\/uploads\/2023\/09\/image-montage-300x169.jpg 300w, https:\/\/insieme.ch\/wp-inside\/uploads\/2023\/09\/image-montage-1024x576.jpg 1024w, https:\/\/insieme.ch\/wp-inside\/uploads\/2023\/09\/image-montage-768x432.jpg 768w, https:\/\/insieme.ch\/wp-inside\/uploads\/2023\/09\/image-montage-320x180.jpg 320w, https:\/\/insieme.ch\/wp-inside\/uploads\/2023\/09\/image-montage-800x450.jpg 800w\" sizes=\"auto, (max-width: 1366px) 100vw, 1366px\" \/><\/p>\n<p class=\"wp-caption-text\">Les clips vid\u00e9o r\u00e9alis\u00e9s pour la campagne donnent \u00e0 voir des personnes vivant avec un handicap mental s\u2019entretenir avec des politicien\u00b7ne\u00b7s. \u00a9 insieme Suisse<\/p>\n<\/div>\n<p>Elles y interviewent la Conseill\u00e8re f\u00e9d\u00e9rale Elisabeth Baume-Schneider (PS) ainsi que des candidat\u00b7e\u00b7s aux \u00e9lections f\u00e9d\u00e9rales\u00a0: C\u00e9line Weber (Vert\u2019Lib\u00e9raux), Jacqueline de Quattro (PLR), Martin Candinas (Le Centre) et Romano Amacker (UDC). On peut y d\u00e9couvrir ce que les personnes vivant avec un handicap mental attendent de la politique et y entendre leurs souhaits pour am\u00e9liorer leur participation \u00e0 la vie en soci\u00e9t\u00e9.<\/p>\n<\/p><\/div>\n<\/p><\/div>\n<\/p><\/div>\n<\/p><\/div>\n<\/p><\/div>\n<\/p><\/div>\n<\/div>\n<\/div>\n<p><!-- \/flzn:zn_intro --><br \/>\n<!-- flzn:zn_text --><\/p>\n<div id=\"flzn-text-1\" class=\"zone zn-text with-bg bg-color\"><span class=\"zone-bg bg-color bgc-white alignfull\"><\/span><\/p>\n<div class=\"zone-block zn-text-block pdd-top-off pdd-bottom-off alignwide va-top\">\n<div class=\"row mw-content-zone type-style \">\n<div class=\"columns large-12\">\n<div class=\"row large-up-1 with-nice-alignment nbloc-1\">\n<div class=\"column zn-text-col\">\n<div class=\"column-inner\">\n<div class=\"wig-content mw-content\">\n<p><iframe loading=\"lazy\" title=\"YouTube video player\" src=\"https:\/\/www.youtube.com\/embed\/PadENezPTQs?si=uPvGLYxuibsTFCVM\" width=\"560\" height=\"315\" frameborder=\"0\" allowfullscreen=\"allowfullscreen\"><\/iframe><\/p>\n<p>&nbsp;<\/p>\n<p><a href=\"http:\/\/insieme.ch\/jevote\" target=\"_blank\" rel=\"noopener\">Campagne insieme #JeVote<\/a><u><\/u><\/p>\n<p><a href=\"http:\/\/insieme.ch\/fr\/produit\/guide-pour-voter-en-langue-facile-2023\/\" target=\"_blank\" rel=\"noopener\">Commander le \u00ab Guide pour voter en langue facile \u00bb\u00a0\u00a0<\/a><\/p>\n<\/p><\/div>\n<\/p><\/div>\n<\/p><\/div>\n<\/p><\/div>\n<\/p><\/div>\n<\/p><\/div>\n<\/div>\n<\/div>\n<p><!-- \/flzn:zn_text --><br \/>\n<!-- flzn:zn_documents --><\/p>\n<div id=\"flzn-documents-1\" class=\"zone zn-documents with-bg bg-color\"><span class=\"zone-bg bg-color bgc-yellow-light alignfull\"><\/span><\/p>\n<div class=\"zone-block zn-documents-block alignwide va-center\">\n<div class=\"row\">\n<div class=\"columns large-12\">\n<div class=\"zn-documents-titlebox zone-titlebox\" >\n<h2 class=\"zn-documents-title zone-title title-with-deco\">Documents \u00e0 t\u00e9l\u00e9charger<\/h2>\n<\/p><\/div>\n<div class=\"row zn-documents-list small-up-1 medium-up-2 large-up-3 blockgrid-center\">\n<div class=\"column zn-documents-item\">\n\t\t\t\t\t\t<a class=\"documentlink downloadlink\" href=\"https:\/\/insieme.ch\/wp-inside\/uploads\/2023\/09\/communique-de-presse_fr_guide-pour-voter.pdf\" title=\"T\u00e9l\u00e9charger \u00ab communique-de-presse_fr_guide-pour-voter.pdf \u00bb\" target=\"_blank\" rel=\"noopener\"><\/p>\n<h3 class=\"documentlink-title\">Communiqu\u00e9 de presse<\/h3>\n<p>\t\t\t\t\t\t\t<span class=\"documentlink-txt\">T\u00e9l\u00e9charger le document<\/span><br \/>\n\t\t\t\t\t\t\t\t\t\t\t\t\t\t<span class=\"documentlink-info\"> &#8211; <span class=\"documentlink-weight\">171,36 Ko<\/span><\/span><br \/>\n\t\t\t\t\t\t\t\t\t\t\t\t\t<\/a>\n\t\t\t\t\t<\/div>\n<\/p><\/div>\n<\/p><\/div>\n<\/p><\/div>\n<\/div>\n<\/div>\n<p><!-- \/flzn:zn_documents --><\/p>\n","protected":false},"excerpt":{"rendered":"<p>Pour les \u00e9lections f\u00e9d\u00e9rales du 22 octobre 2023, insieme Suisse a \u00e9labor\u00e9 un guide pour voter en langue facile. La campagne #JeVote d\u00e9marre aujourd\u2019hui sur les r\u00e9seaux sociaux.<\/p>\n","protected":false},"author":3,"featured_media":20397,"comment_status":"closed","ping_status":"closed","sticky":false,"template":"","format":"standard","meta":{"_acf_changed":false,"footnotes":"","_wpscppro_dont_share_socialmedia":false,"_wpscppro_custom_social_share_image":0,"_facebook_share_type":"","_twitter_share_type":"","_linkedin_share_type":"","_pinterest_share_type":"","_linkedin_share_type_page":"","_instagram_share_type":"","_medium_share_type":"","_threads_share_type":"","_google_business_share_type":"","_selected_social_profile":[],"_wpsp_enable_custom_social_template":false,"_wpsp_social_scheduling":{"enabled":false,"datetime":null,"platforms":[],"status":"template_only","dateOption":"today","timeOption":"now","customDays":"","customHours":"","customDate":"","customTime":"","schedulingType":"absolute"},"_wpsp_active_default_template":true},"categories":[156],"tags":[],"class_list":["post-20402","post","type-post","status-publish","format-standard","has-post-thumbnail","hentry","category-inclusion","wp-sticky"],"acf":[],"yoast_head":"<!-- This site is optimized with the Yoast SEO plugin v27.5 - https:\/\/yoast.com\/product\/yoast-seo-wordpress\/ -->\n<title>Participation politique : lancement de la campagne #JeVote<\/title>\n<meta name=\"description\" content=\"Pour les \u00e9lections f\u00e9d\u00e9rales du 22 octobre 2023, insieme Suisse a \u00e9labor\u00e9 un guide pour voter en langue facile. La campagne #JeVote d\u00e9marre aujourd\u2019hui sur les r\u00e9seaux sociaux.\" \/>\n<meta name=\"robots\" content=\"index, follow, max-snippet:-1, max-image-preview:large, max-video-preview:-1\" \/>\n<link rel=\"canonical\" href=\"https:\/\/insieme.ch\/fr\/news\/inclusion\/participation-politique-lancement-de-la-campagne-jevote\/\" \/>\n<meta property=\"og:locale\" content=\"fr_FR\" \/>\n<meta property=\"og:type\" content=\"article\" \/>\n<meta property=\"og:title\" content=\"Participation politique : lancement de la campagne #JeVote\" \/>\n<meta property=\"og:description\" content=\"Pour les \u00e9lections f\u00e9d\u00e9rales du 22 octobre 2023, insieme Suisse a \u00e9labor\u00e9 un guide pour voter en langue facile. La campagne #JeVote d\u00e9marre aujourd\u2019hui sur les r\u00e9seaux sociaux.\" \/>\n<meta property=\"og:url\" content=\"https:\/\/insieme.ch\/fr\/news\/inclusion\/participation-politique-lancement-de-la-campagne-jevote\/\" \/>\n<meta property=\"og:site_name\" content=\"insieme.ch\" \/>\n<meta property=\"article:published_time\" content=\"2023-09-20T15:09:28+00:00\" \/>\n<meta property=\"article:modified_time\" content=\"2023-09-20T15:11:00+00:00\" \/>\n<meta property=\"og:image\" content=\"https:\/\/insieme.ch\/wp-inside\/uploads\/2023\/09\/image-montage.jpg\" \/>\n\t<meta property=\"og:image:width\" content=\"1366\" \/>\n\t<meta property=\"og:image:height\" content=\"768\" \/>\n\t<meta property=\"og:image:type\" content=\"image\/jpeg\" \/>\n<meta name=\"author\" content=\"Lise Tran\" \/>\n<meta name=\"twitter:card\" content=\"summary_large_image\" \/>\n<meta name=\"twitter:label1\" content=\"\u00c9crit par\" \/>\n\t<meta name=\"twitter:data1\" content=\"Lise Tran\" \/>\n\t<meta name=\"twitter:label2\" content=\"Dur\u00e9e de lecture estim\u00e9e\" \/>\n\t<meta name=\"twitter:data2\" content=\"2 minutes\" \/>\n<script type=\"application\/ld+json\" class=\"yoast-schema-graph\">{\"@context\":\"https:\\\/\\\/schema.org\",\"@graph\":[{\"@type\":\"Article\",\"@id\":\"https:\\\/\\\/insieme.ch\\\/fr\\\/news\\\/inclusion\\\/participation-politique-lancement-de-la-campagne-jevote\\\/#article\",\"isPartOf\":{\"@id\":\"https:\\\/\\\/insieme.ch\\\/fr\\\/news\\\/inclusion\\\/participation-politique-lancement-de-la-campagne-jevote\\\/\"},\"author\":{\"name\":\"Lise Tran\",\"@id\":\"https:\\\/\\\/insieme.ch\\\/fr\\\/#\\\/schema\\\/person\\\/48d0d97cbe408d1edf6d5c70bae925fa\"},\"headline\":\"Participation politique&#160;: lancement de la campagne #JeVote\",\"datePublished\":\"2023-09-20T15:09:28+00:00\",\"dateModified\":\"2023-09-20T15:11:00+00:00\",\"mainEntityOfPage\":{\"@id\":\"https:\\\/\\\/insieme.ch\\\/fr\\\/news\\\/inclusion\\\/participation-politique-lancement-de-la-campagne-jevote\\\/\"},\"wordCount\":307,\"publisher\":{\"@id\":\"https:\\\/\\\/insieme.ch\\\/fr\\\/#organization\"},\"image\":{\"@id\":\"https:\\\/\\\/insieme.ch\\\/fr\\\/news\\\/inclusion\\\/participation-politique-lancement-de-la-campagne-jevote\\\/#primaryimage\"},\"thumbnailUrl\":\"https:\\\/\\\/insieme.ch\\\/wp-inside\\\/uploads\\\/2023\\\/09\\\/image-montage.jpg\",\"articleSection\":[\"Inclusion\"],\"inLanguage\":\"fr-FR\"},{\"@type\":\"WebPage\",\"@id\":\"https:\\\/\\\/insieme.ch\\\/fr\\\/news\\\/inclusion\\\/participation-politique-lancement-de-la-campagne-jevote\\\/\",\"url\":\"https:\\\/\\\/insieme.ch\\\/fr\\\/news\\\/inclusion\\\/participation-politique-lancement-de-la-campagne-jevote\\\/\",\"name\":\"Participation politique : lancement de la campagne #JeVote\",\"isPartOf\":{\"@id\":\"https:\\\/\\\/insieme.ch\\\/fr\\\/#website\"},\"primaryImageOfPage\":{\"@id\":\"https:\\\/\\\/insieme.ch\\\/fr\\\/news\\\/inclusion\\\/participation-politique-lancement-de-la-campagne-jevote\\\/#primaryimage\"},\"image\":{\"@id\":\"https:\\\/\\\/insieme.ch\\\/fr\\\/news\\\/inclusion\\\/participation-politique-lancement-de-la-campagne-jevote\\\/#primaryimage\"},\"thumbnailUrl\":\"https:\\\/\\\/insieme.ch\\\/wp-inside\\\/uploads\\\/2023\\\/09\\\/image-montage.jpg\",\"datePublished\":\"2023-09-20T15:09:28+00:00\",\"dateModified\":\"2023-09-20T15:11:00+00:00\",\"description\":\"Pour les \u00e9lections f\u00e9d\u00e9rales du 22 octobre 2023, insieme Suisse a \u00e9labor\u00e9 un guide pour voter en langue facile. La campagne #JeVote d\u00e9marre aujourd\u2019hui sur les r\u00e9seaux sociaux.\",\"breadcrumb\":{\"@id\":\"https:\\\/\\\/insieme.ch\\\/fr\\\/news\\\/inclusion\\\/participation-politique-lancement-de-la-campagne-jevote\\\/#breadcrumb\"},\"inLanguage\":\"fr-FR\",\"potentialAction\":[{\"@type\":\"ReadAction\",\"target\":[\"https:\\\/\\\/insieme.ch\\\/fr\\\/news\\\/inclusion\\\/participation-politique-lancement-de-la-campagne-jevote\\\/\"]}]},{\"@type\":\"ImageObject\",\"inLanguage\":\"fr-FR\",\"@id\":\"https:\\\/\\\/insieme.ch\\\/fr\\\/news\\\/inclusion\\\/participation-politique-lancement-de-la-campagne-jevote\\\/#primaryimage\",\"url\":\"https:\\\/\\\/insieme.ch\\\/wp-inside\\\/uploads\\\/2023\\\/09\\\/image-montage.jpg\",\"contentUrl\":\"https:\\\/\\\/insieme.ch\\\/wp-inside\\\/uploads\\\/2023\\\/09\\\/image-montage.jpg\",\"width\":1366,\"height\":768,\"caption\":\"Les droits politiques sont garantis par la Constitution. La r\u00e9alit\u00e9 est pourtant tout autre.\"},{\"@type\":\"BreadcrumbList\",\"@id\":\"https:\\\/\\\/insieme.ch\\\/fr\\\/news\\\/inclusion\\\/participation-politique-lancement-de-la-campagne-jevote\\\/#breadcrumb\",\"itemListElement\":[{\"@type\":\"ListItem\",\"position\":1,\"name\":\"Accueil\",\"item\":\"https:\\\/\\\/insieme.ch\\\/fr\\\/\"},{\"@type\":\"ListItem\",\"position\":2,\"name\":\"News\",\"item\":\"https:\\\/\\\/insieme.ch\\\/fr\\\/news\\\/\"},{\"@type\":\"ListItem\",\"position\":3,\"name\":\"Inclusion\",\"item\":\"https:\\\/\\\/insieme.ch\\\/fr\\\/news\\\/inclusion\\\/\"},{\"@type\":\"ListItem\",\"position\":4,\"name\":\"Participation politique&#160;: lancement de la campagne #JeVote\"}]},{\"@type\":\"WebSite\",\"@id\":\"https:\\\/\\\/insieme.ch\\\/fr\\\/#website\",\"url\":\"https:\\\/\\\/insieme.ch\\\/fr\\\/\",\"name\":\"insieme.ch\",\"description\":\"\",\"publisher\":{\"@id\":\"https:\\\/\\\/insieme.ch\\\/fr\\\/#organization\"},\"potentialAction\":[{\"@type\":\"SearchAction\",\"target\":{\"@type\":\"EntryPoint\",\"urlTemplate\":\"https:\\\/\\\/insieme.ch\\\/fr\\\/?s={search_term_string}\"},\"query-input\":{\"@type\":\"PropertyValueSpecification\",\"valueRequired\":true,\"valueName\":\"search_term_string\"}}],\"inLanguage\":\"fr-FR\"},{\"@type\":\"Organization\",\"@id\":\"https:\\\/\\\/insieme.ch\\\/fr\\\/#organization\",\"name\":\"insieme\",\"url\":\"https:\\\/\\\/insieme.ch\\\/fr\\\/\",\"logo\":{\"@type\":\"ImageObject\",\"inLanguage\":\"fr-FR\",\"@id\":\"https:\\\/\\\/insieme.ch\\\/fr\\\/#\\\/schema\\\/logo\\\/image\\\/\",\"url\":\"https:\\\/\\\/insieme.ch\\\/wp-inside\\\/uploads\\\/2021\\\/03\\\/logo-insieme.jpg\",\"contentUrl\":\"https:\\\/\\\/insieme.ch\\\/wp-inside\\\/uploads\\\/2021\\\/03\\\/logo-insieme.jpg\",\"width\":250,\"height\":250,\"caption\":\"insieme\"},\"image\":{\"@id\":\"https:\\\/\\\/insieme.ch\\\/fr\\\/#\\\/schema\\\/logo\\\/image\\\/\"}},{\"@type\":\"Person\",\"@id\":\"https:\\\/\\\/insieme.ch\\\/fr\\\/#\\\/schema\\\/person\\\/48d0d97cbe408d1edf6d5c70bae925fa\",\"name\":\"Lise Tran\",\"image\":{\"@type\":\"ImageObject\",\"inLanguage\":\"fr-FR\",\"@id\":\"https:\\\/\\\/secure.gravatar.com\\\/avatar\\\/4c1028ac8c35a45d0420275ec991fe6d9964020c33f7db80209f71a09cbfc3a8?s=96&d=mm&r=g\",\"url\":\"https:\\\/\\\/secure.gravatar.com\\\/avatar\\\/4c1028ac8c35a45d0420275ec991fe6d9964020c33f7db80209f71a09cbfc3a8?s=96&d=mm&r=g\",\"contentUrl\":\"https:\\\/\\\/secure.gravatar.com\\\/avatar\\\/4c1028ac8c35a45d0420275ec991fe6d9964020c33f7db80209f71a09cbfc3a8?s=96&d=mm&r=g\",\"caption\":\"Lise Tran\"}}]}<\/script>\n<!-- \/ Yoast SEO plugin. -->","yoast_head_json":{"title":"Participation politique : lancement de la campagne #JeVote","description":"Pour les \u00e9lections f\u00e9d\u00e9rales du 22 octobre 2023, insieme Suisse a \u00e9labor\u00e9 un guide pour voter en langue facile. La campagne #JeVote d\u00e9marre aujourd\u2019hui sur les r\u00e9seaux sociaux.","robots":{"index":"index","follow":"follow","max-snippet":"max-snippet:-1","max-image-preview":"max-image-preview:large","max-video-preview":"max-video-preview:-1"},"canonical":"https:\/\/insieme.ch\/fr\/news\/inclusion\/participation-politique-lancement-de-la-campagne-jevote\/","og_locale":"fr_FR","og_type":"article","og_title":"Participation politique : lancement de la campagne #JeVote","og_description":"Pour les \u00e9lections f\u00e9d\u00e9rales du 22 octobre 2023, insieme Suisse a \u00e9labor\u00e9 un guide pour voter en langue facile. La campagne #JeVote d\u00e9marre aujourd\u2019hui sur les r\u00e9seaux sociaux.","og_url":"https:\/\/insieme.ch\/fr\/news\/inclusion\/participation-politique-lancement-de-la-campagne-jevote\/","og_site_name":"insieme.ch","article_published_time":"2023-09-20T15:09:28+00:00","article_modified_time":"2023-09-20T15:11:00+00:00","og_image":[{"width":1366,"height":768,"url":"https:\/\/insieme.ch\/wp-inside\/uploads\/2023\/09\/image-montage.jpg","type":"image\/jpeg"}],"author":"Lise Tran","twitter_card":"summary_large_image","twitter_misc":{"\u00c9crit par":"Lise Tran","Dur\u00e9e de lecture estim\u00e9e":"2 minutes"},"schema":{"@context":"https:\/\/schema.org","@graph":[{"@type":"Article","@id":"https:\/\/insieme.ch\/fr\/news\/inclusion\/participation-politique-lancement-de-la-campagne-jevote\/#article","isPartOf":{"@id":"https:\/\/insieme.ch\/fr\/news\/inclusion\/participation-politique-lancement-de-la-campagne-jevote\/"},"author":{"name":"Lise Tran","@id":"https:\/\/insieme.ch\/fr\/#\/schema\/person\/48d0d97cbe408d1edf6d5c70bae925fa"},"headline":"Participation politique&#160;: lancement de la campagne #JeVote","datePublished":"2023-09-20T15:09:28+00:00","dateModified":"2023-09-20T15:11:00+00:00","mainEntityOfPage":{"@id":"https:\/\/insieme.ch\/fr\/news\/inclusion\/participation-politique-lancement-de-la-campagne-jevote\/"},"wordCount":307,"publisher":{"@id":"https:\/\/insieme.ch\/fr\/#organization"},"image":{"@id":"https:\/\/insieme.ch\/fr\/news\/inclusion\/participation-politique-lancement-de-la-campagne-jevote\/#primaryimage"},"thumbnailUrl":"https:\/\/insieme.ch\/wp-inside\/uploads\/2023\/09\/image-montage.jpg","articleSection":["Inclusion"],"inLanguage":"fr-FR"},{"@type":"WebPage","@id":"https:\/\/insieme.ch\/fr\/news\/inclusion\/participation-politique-lancement-de-la-campagne-jevote\/","url":"https:\/\/insieme.ch\/fr\/news\/inclusion\/participation-politique-lancement-de-la-campagne-jevote\/","name":"Participation politique : lancement de la campagne #JeVote","isPartOf":{"@id":"https:\/\/insieme.ch\/fr\/#website"},"primaryImageOfPage":{"@id":"https:\/\/insieme.ch\/fr\/news\/inclusion\/participation-politique-lancement-de-la-campagne-jevote\/#primaryimage"},"image":{"@id":"https:\/\/insieme.ch\/fr\/news\/inclusion\/participation-politique-lancement-de-la-campagne-jevote\/#primaryimage"},"thumbnailUrl":"https:\/\/insieme.ch\/wp-inside\/uploads\/2023\/09\/image-montage.jpg","datePublished":"2023-09-20T15:09:28+00:00","dateModified":"2023-09-20T15:11:00+00:00","description":"Pour les \u00e9lections f\u00e9d\u00e9rales du 22 octobre 2023, insieme Suisse a \u00e9labor\u00e9 un guide pour voter en langue facile. La campagne #JeVote d\u00e9marre aujourd\u2019hui sur les r\u00e9seaux sociaux.","breadcrumb":{"@id":"https:\/\/insieme.ch\/fr\/news\/inclusion\/participation-politique-lancement-de-la-campagne-jevote\/#breadcrumb"},"inLanguage":"fr-FR","potentialAction":[{"@type":"ReadAction","target":["https:\/\/insieme.ch\/fr\/news\/inclusion\/participation-politique-lancement-de-la-campagne-jevote\/"]}]},{"@type":"ImageObject","inLanguage":"fr-FR","@id":"https:\/\/insieme.ch\/fr\/news\/inclusion\/participation-politique-lancement-de-la-campagne-jevote\/#primaryimage","url":"https:\/\/insieme.ch\/wp-inside\/uploads\/2023\/09\/image-montage.jpg","contentUrl":"https:\/\/insieme.ch\/wp-inside\/uploads\/2023\/09\/image-montage.jpg","width":1366,"height":768,"caption":"Les droits politiques sont garantis par la Constitution. La r\u00e9alit\u00e9 est pourtant tout autre."},{"@type":"BreadcrumbList","@id":"https:\/\/insieme.ch\/fr\/news\/inclusion\/participation-politique-lancement-de-la-campagne-jevote\/#breadcrumb","itemListElement":[{"@type":"ListItem","position":1,"name":"Accueil","item":"https:\/\/insieme.ch\/fr\/"},{"@type":"ListItem","position":2,"name":"News","item":"https:\/\/insieme.ch\/fr\/news\/"},{"@type":"ListItem","position":3,"name":"Inclusion","item":"https:\/\/insieme.ch\/fr\/news\/inclusion\/"},{"@type":"ListItem","position":4,"name":"Participation politique&#160;: lancement de la campagne #JeVote"}]},{"@type":"WebSite","@id":"https:\/\/insieme.ch\/fr\/#website","url":"https:\/\/insieme.ch\/fr\/","name":"insieme.ch","description":"","publisher":{"@id":"https:\/\/insieme.ch\/fr\/#organization"},"potentialAction":[{"@type":"SearchAction","target":{"@type":"EntryPoint","urlTemplate":"https:\/\/insieme.ch\/fr\/?s={search_term_string}"},"query-input":{"@type":"PropertyValueSpecification","valueRequired":true,"valueName":"search_term_string"}}],"inLanguage":"fr-FR"},{"@type":"Organization","@id":"https:\/\/insieme.ch\/fr\/#organization","name":"insieme","url":"https:\/\/insieme.ch\/fr\/","logo":{"@type":"ImageObject","inLanguage":"fr-FR","@id":"https:\/\/insieme.ch\/fr\/#\/schema\/logo\/image\/","url":"https:\/\/insieme.ch\/wp-inside\/uploads\/2021\/03\/logo-insieme.jpg","contentUrl":"https:\/\/insieme.ch\/wp-inside\/uploads\/2021\/03\/logo-insieme.jpg","width":250,"height":250,"caption":"insieme"},"image":{"@id":"https:\/\/insieme.ch\/fr\/#\/schema\/logo\/image\/"}},{"@type":"Person","@id":"https:\/\/insieme.ch\/fr\/#\/schema\/person\/48d0d97cbe408d1edf6d5c70bae925fa","name":"Lise Tran","image":{"@type":"ImageObject","inLanguage":"fr-FR","@id":"https:\/\/secure.gravatar.com\/avatar\/4c1028ac8c35a45d0420275ec991fe6d9964020c33f7db80209f71a09cbfc3a8?s=96&d=mm&r=g","url":"https:\/\/secure.gravatar.com\/avatar\/4c1028ac8c35a45d0420275ec991fe6d9964020c33f7db80209f71a09cbfc3a8?s=96&d=mm&r=g","contentUrl":"https:\/\/secure.gravatar.com\/avatar\/4c1028ac8c35a45d0420275ec991fe6d9964020c33f7db80209f71a09cbfc3a8?s=96&d=mm&r=g","caption":"Lise Tran"}}]}},"_links":{"self":[{"href":"https:\/\/insieme.ch\/fr\/wp-json\/wp\/v2\/posts\/20402","targetHints":{"allow":["GET"]}}],"collection":[{"href":"https:\/\/insieme.ch\/fr\/wp-json\/wp\/v2\/posts"}],"about":[{"href":"https:\/\/insieme.ch\/fr\/wp-json\/wp\/v2\/types\/post"}],"author":[{"embeddable":true,"href":"https:\/\/insieme.ch\/fr\/wp-json\/wp\/v2\/users\/3"}],"replies":[{"embeddable":true,"href":"https:\/\/insieme.ch\/fr\/wp-json\/wp\/v2\/comments?post=20402"}],"version-history":[{"count":5,"href":"https:\/\/insieme.ch\/fr\/wp-json\/wp\/v2\/posts\/20402\/revisions"}],"predecessor-version":[{"id":20413,"href":"https:\/\/insieme.ch\/fr\/wp-json\/wp\/v2\/posts\/20402\/revisions\/20413"}],"wp:featuredmedia":[{"embeddable":true,"href":"https:\/\/insieme.ch\/fr\/wp-json\/wp\/v2\/media\/20397"}],"wp:attachment":[{"href":"https:\/\/insieme.ch\/fr\/wp-json\/wp\/v2\/media?parent=20402"}],"wp:term":[{"taxonomy":"category","embeddable":true,"href":"https:\/\/insieme.ch\/fr\/wp-json\/wp\/v2\/categories?post=20402"},{"taxonomy":"post_tag","embeddable":true,"href":"https:\/\/insieme.ch\/fr\/wp-json\/wp\/v2\/tags?post=20402"}],"curies":[{"name":"wp","href":"https:\/\/api.w.org\/{rel}","templated":true}]}}