{"id":18324,"date":"2023-03-07T15:40:40","date_gmt":"2023-03-07T14:40:40","guid":{"rendered":"https:\/\/insieme.ch\/?p=18324"},"modified":"2023-03-07T15:42:07","modified_gmt":"2023-03-07T14:42:07","slug":"prevenir-les-violences-envers-les-personnes-en-situation-de-handicap","status":"publish","type":"post","link":"https:\/\/insieme.ch\/fr\/news\/sante-et-qualite-de-vie\/prevenir-les-violences-envers-les-personnes-en-situation-de-handicap\/","title":{"rendered":"Pr\u00e9venir les violences envers les personnes en situation de handicap"},"content":{"rendered":"<p><!-- flzn:zn_pagebanner --><\/p>\n<header id=\"flzn-pagebanner-1\" class=\"zone zn-pagebanner with-bg bg-color\"><span class=\"zone-bg bg-color bgc-yellow-light alignfull\"><\/span><\/p>\n<div class=\"zone-block zn-pagebanner-block alignwide va-center\"><\/div>\n<\/header>\n<p><!-- \/flzn:zn_pagebanner --><br \/>\n<!-- flzn:zn_intro --><\/p>\n<div id=\"flzn-intro-1\" class=\"zone zn-intro with-bg bg-color\"><span class=\"zone-bg bg-color bgc-white alignfull\"><\/span><\/p>\n<div class=\"zone-block zn-intro-block alignsimple va-top\">\n<div class=\"addthis_inline_share_toolbox\"><\/div>\n<div class=\"row mw-content-zone  \">\n<div class=\"columns large-12\">\n<div class=\"row large-up-1 with-nice-alignment nbloc-1\">\n<div class=\"column zn-intro-col\">\n<div class=\"column-inner\">\n<div class=\"wig-content mw-content\">\n<p><strong>Les personnes en situation de handicap ont plus de risques d\u2019\u00eatre victimes de violences sexuelles ou physiques. Ce risque s\u2019accro\u00eet lorsqu\u2019elles ont besoin de soutien au quotidien, ce qui peut les placer dans un rapport de d\u00e9pendance. Le cadre de vie institutionnel peut aussi favoriser celui-ci. Les personnes vivant avec une d\u00e9ficience intellectuelle ne sont pas toujours capables de mettre des mots sur ce qu\u2019elles ont subi. La pr\u00e9vention, mais aussi la possibilit\u00e9 de s\u2019adresser \u00e0 des services de conseil et d\u2019examen des plaintes internes ou externes aux institutions sont essentiels. <\/strong><!--more--><\/p>\n<p>Dans un article r\u00e9cemment publi\u00e9, la NZZ a enqu\u00eat\u00e9 sur le drame qui a frapp\u00e9 la famille Frei. Leur fils, r\u00e9sident d\u2019une institution dans le canton de Zurich, est d\u00e9c\u00e9d\u00e9 suite \u00e0 une erreur au cours de ses soins quotidiens. Auparavant, il avait \u00e9t\u00e9 abus\u00e9 sexuellement au sein de l\u2019institution.<\/p>\n<p>Ce drame met en lumi\u00e8re un point souvent oubli\u00e9 ou ignor\u00e9 du grand public : au cours de leur vie, les personnes en situation de handicap ont plus de risques de devenir victimes de violences sexuelles et physiques ou de subir d&#8217;autres formes de violence. Lorsqu\u2019elles ont besoin de soutien au quotidien, elles peuvent se retrouver dans un rapport de d\u00e9pendance favorable aux abus.<\/p>\n<div id=\"attachment_18349\" class=\"wp-caption aligncenter\" style=\"width:100%;max-width:1024px\"><img decoding=\"async\" loading=\"lazy\" class=\"wp-image-18349 size-large\" src=\"https:\/\/insieme.ch\/wp-inside\/uploads\/2023\/03\/michael-aleo-fdhds8oz8ba-unsplash-1024x683.jpg\" alt=\"Une for\u00eat ombrag\u00e9e au cr\u00e9puscule\" width=\"1024\" height=\"683\" srcset=\"https:\/\/insieme.ch\/wp-inside\/uploads\/2023\/03\/michael-aleo-fdhds8oz8ba-unsplash-1024x683.jpg 1024w, https:\/\/insieme.ch\/wp-inside\/uploads\/2023\/03\/michael-aleo-fdhds8oz8ba-unsplash-300x200.jpg 300w, https:\/\/insieme.ch\/wp-inside\/uploads\/2023\/03\/michael-aleo-fdhds8oz8ba-unsplash-768x512.jpg 768w, https:\/\/insieme.ch\/wp-inside\/uploads\/2023\/03\/michael-aleo-fdhds8oz8ba-unsplash-1536x1025.jpg 1536w, https:\/\/insieme.ch\/wp-inside\/uploads\/2023\/03\/michael-aleo-fdhds8oz8ba-unsplash-320x214.jpg 320w, https:\/\/insieme.ch\/wp-inside\/uploads\/2023\/03\/michael-aleo-fdhds8oz8ba-unsplash-770x515.jpg 770w, https:\/\/insieme.ch\/wp-inside\/uploads\/2023\/03\/michael-aleo-fdhds8oz8ba-unsplash-800x534.jpg 800w, https:\/\/insieme.ch\/wp-inside\/uploads\/2023\/03\/michael-aleo-fdhds8oz8ba-unsplash.jpg 1920w\" sizes=\"auto, (max-width: 1024px) 100vw, 1024px\" \/><\/p>\n<p class=\"wp-caption-text\">La pr\u00e9vention tout comme la mise en relation avec des services de conseil et de plainte sont essentiels pour \u00e9viter les violations de limites. \u00a9Unsplash\/ Michael Aleo)<\/p>\n<\/div>\n<p>Les institutions pour personnes en situation de handicap comportent davantage de risques d\u2019abus. Vivre en institution peut restreindre fortement le droit \u00e0 l\u2019autod\u00e9termination d\u2019une personne, qui n\u2019est pas libre de choisir avec qui elle souhaite vivre dans son groupe d\u2019h\u00e9bergement, les personnes qui la soutiennent o\u00f9 la fa\u00e7on dont elle organise son quotidien (sorties, repas, etc.). La pression qui p\u00e8se sur le personnel encadrant, les fr\u00e9quents changements ou le manque de personnel sont autant de facteurs de risque.<\/p>\n<h2><strong>La situation des personnes en situation de handicap est trop peu document\u00e9e<\/strong><\/h2>\n<p>Pourtant, lorsqu\u2019il s\u2019agit de savoir combien de personnes en situation de handicap sont victimes de violence en Suisse, impossible d\u2019obtenir des donn\u00e9es fiables. L\u00e0 o\u00f9 les pays voisins ont r\u00e9ussi \u00e0 mener des \u00e9tudes, la Suisse reste pour l\u2019instant \u00e0 la tra\u00eene. Un fait critiqu\u00e9 \u00e0 la fois par le Comit\u00e9 de l\u2019ONU pour les droits des personnes handicap\u00e9s et par le GREVIO, un comit\u00e9 d\u2019expert international analysant comment la Suisse met en \u0153uvre des mesures contre la violence li\u00e9e au genre, la violence sexualis\u00e9e et la violence domestique.<\/p>\n<p>insieme milite, en collaboration avec d\u2019autres association pour personnes en situation de handicap, pour que la lumi\u00e8re soit faite sur la situation dans notre pays et que les victimes de violence voient leur situation reconnue. Actuellement, les personnes en situation de handicap sont encore bien trop peu prises en compte dans les politiques de pr\u00e9vention et de lutte contre la violence. Cela leur interdit l\u2019acc\u00e8s \u00e0 des offres dont elles ont un urgent besoin.<\/p>\n<p>Ceci est particuli\u00e8rement vrai pour les personnes en situation de handicap mental. Celles-ci ne sont parfois pas en mesure d\u2019estimer et de comprendre qu\u2019elles ont \u00e9t\u00e9 victimes d\u2019un acte de violence. Il peut arriver qu\u2019elles consid\u00e8rent une violation de l\u2019int\u00e9grit\u00e9 comme normale parce qu\u2019elle a eu lieu dans le cadre d\u2019un acte d\u2019hygi\u00e8ne ou de soins quotidien. Souvent, elles ne parviennent pas \u00e0 mettre des mots sur un acte de violence ou \u00e0 le d\u00e9crire. Leurs d\u00e9clarations sont remises en cause et il arrive aussi que leur entourage souhaite leur \u00e9viter une proc\u00e9dure. En d\u00e9finitive, de nombreux actes de violence ne sont pas signal\u00e9s ou pas reconnus comme tels, ce qui emp\u00eache une prise en charge ad\u00e9quate.<\/p>\n<p>&nbsp;<\/p>\n<p><a href=\"https:\/\/insieme.ch\/fr\/theme\/sante-et-qualite-de-vie\/prevention-et-violation-de-lintegrite\/\" target=\"_blank\" rel=\"noopener\">Pr\u00e9vention et violations de limites sur insieme.ch<\/a><\/p>\n<\/p><\/div>\n<\/p><\/div>\n<\/p><\/div>\n<\/p><\/div>\n<\/p><\/div>\n<\/p><\/div>\n<\/div>\n<\/div>\n<p><!-- \/flzn:zn_intro --><br \/>\n<!-- flzn:zn_documents --><\/p>\n<div id=\"flzn-documents-1\" class=\"zone zn-documents with-bg bg-color\"><span class=\"zone-bg bg-color bgc-yellow-light alignfull\"><\/span><\/p>\n<div class=\"zone-block zn-documents-block alignwide va-center\">\n<div class=\"row\">\n<div class=\"columns large-12\">\n<div class=\"zn-documents-titlebox zone-titlebox\" >\n<h2 class=\"zn-documents-title zone-title title-with-deco\">Article de la NZZ (allemand)<\/h2>\n<\/p><\/div>\n<div class=\"row zn-documents-list small-up-1 medium-up-2 large-up-3 blockgrid-center\">\n<div class=\"column zn-documents-item\">\n\t\t\t\t\t\t<a class=\"documentlink downloadlink\" href=\"https:\/\/insieme.ch\/wp-inside\/uploads\/2023\/03\/nzz_-sexueller-missbrauch-und-tod-im-behindertenheim.pdf\" title=\"Herunterladen \u00ab nzz_-sexueller-missbrauch-und-tod-im-behindertenheim.pdf \u00bb\" target=\"_blank\" rel=\"noopener\"><\/p>\n<h3 class=\"documentlink-title\">NZZ: Sexueller Missbrauch und Tod im Behindertenheim<\/h3>\n<p>\t\t\t\t\t\t\t<span class=\"documentlink-txt\">Dokument herunterladen<\/span><br \/>\n\t\t\t\t\t\t\t\t\t\t\t\t\t\t<span class=\"documentlink-info\"> &#8211; <span class=\"documentlink-weight\">3,18 MB<\/span><\/span><br \/>\n\t\t\t\t\t\t\t\t\t\t\t\t\t<\/a>\n\t\t\t\t\t<\/div>\n<\/p><\/div>\n<\/p><\/div>\n<\/p><\/div>\n<\/div>\n<\/div>\n<p><!-- \/flzn:zn_documents --><\/p>\n","protected":false},"excerpt":{"rendered":"<p>Les personnes vivant avec un handicap mental courent un risque accru d&#8217;\u00eatre victimes de violences sexuelles ou physiques. La pr\u00e9vention tout comme l\u2019acc\u00e8s \u00e0 des points de contact et d&#8217;information  sont donc d&#8217;une importance capitale.<\/p>\n","protected":false},"author":21,"featured_media":18349,"comment_status":"closed","ping_status":"closed","sticky":false,"template":"","format":"standard","meta":{"_acf_changed":false,"footnotes":"","_wpscppro_dont_share_socialmedia":false,"_wpscppro_custom_social_share_image":0,"_facebook_share_type":"","_twitter_share_type":"","_linkedin_share_type":"","_pinterest_share_type":"","_linkedin_share_type_page":"","_instagram_share_type":"","_medium_share_type":"","_threads_share_type":"","_google_business_share_type":"","_selected_social_profile":[],"_wpsp_enable_custom_social_template":false,"_wpsp_social_scheduling":{"enabled":false,"datetime":null,"platforms":[],"status":"template_only","dateOption":"today","timeOption":"now","customDays":"","customHours":"","customDate":"","customTime":"","schedulingType":"absolute"},"_wpsp_active_default_template":true},"categories":[160],"tags":[],"class_list":["post-18324","post","type-post","status-publish","format-standard","has-post-thumbnail","hentry","category-sante-et-qualite-de-vie","wp-sticky"],"acf":[],"yoast_head":"<!-- This site is optimized with the Yoast SEO plugin v27.5 - https:\/\/yoast.com\/product\/yoast-seo-wordpress\/ -->\n<title>Pr\u00e9venir les violences envers les personnes en situation de handicap<\/title>\n<meta name=\"description\" content=\"Les personnes vivant avec un handicap mental courent un risque accru d&#039;\u00eatre victimes de violences sexuelles ou physiques.\" \/>\n<meta name=\"robots\" content=\"index, follow, max-snippet:-1, max-image-preview:large, max-video-preview:-1\" \/>\n<link rel=\"canonical\" href=\"https:\/\/insieme.ch\/fr\/news\/sante-et-qualite-de-vie\/prevenir-les-violences-envers-les-personnes-en-situation-de-handicap\/\" \/>\n<meta property=\"og:locale\" content=\"fr_FR\" \/>\n<meta property=\"og:type\" content=\"article\" \/>\n<meta property=\"og:title\" content=\"Pr\u00e9venir les violences envers les personnes en situation de handicap\" \/>\n<meta property=\"og:description\" content=\"Les personnes vivant avec un handicap mental courent un risque accru d&#039;\u00eatre victimes de violences sexuelles ou physiques.\" \/>\n<meta property=\"og:url\" content=\"https:\/\/insieme.ch\/fr\/news\/sante-et-qualite-de-vie\/prevenir-les-violences-envers-les-personnes-en-situation-de-handicap\/\" \/>\n<meta property=\"og:site_name\" content=\"insieme.ch\" \/>\n<meta property=\"article:published_time\" content=\"2023-03-07T14:40:40+00:00\" \/>\n<meta property=\"article:modified_time\" content=\"2023-03-07T14:42:07+00:00\" \/>\n<meta property=\"og:image\" content=\"https:\/\/insieme.ch\/wp-inside\/uploads\/2023\/03\/michael-aleo-fdhds8oz8ba-unsplash.jpg\" \/>\n\t<meta property=\"og:image:width\" content=\"1920\" \/>\n\t<meta property=\"og:image:height\" content=\"1281\" \/>\n\t<meta property=\"og:image:type\" content=\"image\/jpeg\" \/>\n<meta name=\"author\" content=\"Regula Sandi\" \/>\n<meta name=\"twitter:card\" content=\"summary_large_image\" \/>\n<meta name=\"twitter:label1\" content=\"\u00c9crit par\" \/>\n\t<meta name=\"twitter:data1\" content=\"Regula Sandi\" \/>\n\t<meta name=\"twitter:label2\" content=\"Dur\u00e9e de lecture estim\u00e9e\" \/>\n\t<meta name=\"twitter:data2\" content=\"3 minutes\" \/>\n<script type=\"application\/ld+json\" class=\"yoast-schema-graph\">{\"@context\":\"https:\\\/\\\/schema.org\",\"@graph\":[{\"@type\":\"Article\",\"@id\":\"https:\\\/\\\/insieme.ch\\\/fr\\\/news\\\/sante-et-qualite-de-vie\\\/prevenir-les-violences-envers-les-personnes-en-situation-de-handicap\\\/#article\",\"isPartOf\":{\"@id\":\"https:\\\/\\\/insieme.ch\\\/fr\\\/news\\\/sante-et-qualite-de-vie\\\/prevenir-les-violences-envers-les-personnes-en-situation-de-handicap\\\/\"},\"author\":{\"name\":\"Regula Sandi\",\"@id\":\"https:\\\/\\\/insieme.ch\\\/fr\\\/#\\\/schema\\\/person\\\/b9fed87b37b185acd0dca81f2aa989d2\"},\"headline\":\"Pr\u00e9venir les violences envers les personnes en situation de handicap\",\"datePublished\":\"2023-03-07T14:40:40+00:00\",\"dateModified\":\"2023-03-07T14:42:07+00:00\",\"mainEntityOfPage\":{\"@id\":\"https:\\\/\\\/insieme.ch\\\/fr\\\/news\\\/sante-et-qualite-de-vie\\\/prevenir-les-violences-envers-les-personnes-en-situation-de-handicap\\\/\"},\"wordCount\":698,\"publisher\":{\"@id\":\"https:\\\/\\\/insieme.ch\\\/fr\\\/#organization\"},\"image\":{\"@id\":\"https:\\\/\\\/insieme.ch\\\/fr\\\/news\\\/sante-et-qualite-de-vie\\\/prevenir-les-violences-envers-les-personnes-en-situation-de-handicap\\\/#primaryimage\"},\"thumbnailUrl\":\"https:\\\/\\\/insieme.ch\\\/wp-inside\\\/uploads\\\/2023\\\/03\\\/michael-aleo-fdhds8oz8ba-unsplash.jpg\",\"articleSection\":[\"Sant\u00e9 et qualit\u00e9 de vie\"],\"inLanguage\":\"fr-FR\"},{\"@type\":\"WebPage\",\"@id\":\"https:\\\/\\\/insieme.ch\\\/fr\\\/news\\\/sante-et-qualite-de-vie\\\/prevenir-les-violences-envers-les-personnes-en-situation-de-handicap\\\/\",\"url\":\"https:\\\/\\\/insieme.ch\\\/fr\\\/news\\\/sante-et-qualite-de-vie\\\/prevenir-les-violences-envers-les-personnes-en-situation-de-handicap\\\/\",\"name\":\"Pr\u00e9venir les violences envers les personnes en situation de handicap\",\"isPartOf\":{\"@id\":\"https:\\\/\\\/insieme.ch\\\/fr\\\/#website\"},\"primaryImageOfPage\":{\"@id\":\"https:\\\/\\\/insieme.ch\\\/fr\\\/news\\\/sante-et-qualite-de-vie\\\/prevenir-les-violences-envers-les-personnes-en-situation-de-handicap\\\/#primaryimage\"},\"image\":{\"@id\":\"https:\\\/\\\/insieme.ch\\\/fr\\\/news\\\/sante-et-qualite-de-vie\\\/prevenir-les-violences-envers-les-personnes-en-situation-de-handicap\\\/#primaryimage\"},\"thumbnailUrl\":\"https:\\\/\\\/insieme.ch\\\/wp-inside\\\/uploads\\\/2023\\\/03\\\/michael-aleo-fdhds8oz8ba-unsplash.jpg\",\"datePublished\":\"2023-03-07T14:40:40+00:00\",\"dateModified\":\"2023-03-07T14:42:07+00:00\",\"description\":\"Les personnes vivant avec un handicap mental courent un risque accru d'\u00eatre victimes de violences sexuelles ou physiques.\",\"breadcrumb\":{\"@id\":\"https:\\\/\\\/insieme.ch\\\/fr\\\/news\\\/sante-et-qualite-de-vie\\\/prevenir-les-violences-envers-les-personnes-en-situation-de-handicap\\\/#breadcrumb\"},\"inLanguage\":\"fr-FR\",\"potentialAction\":[{\"@type\":\"ReadAction\",\"target\":[\"https:\\\/\\\/insieme.ch\\\/fr\\\/news\\\/sante-et-qualite-de-vie\\\/prevenir-les-violences-envers-les-personnes-en-situation-de-handicap\\\/\"]}]},{\"@type\":\"ImageObject\",\"inLanguage\":\"fr-FR\",\"@id\":\"https:\\\/\\\/insieme.ch\\\/fr\\\/news\\\/sante-et-qualite-de-vie\\\/prevenir-les-violences-envers-les-personnes-en-situation-de-handicap\\\/#primaryimage\",\"url\":\"https:\\\/\\\/insieme.ch\\\/wp-inside\\\/uploads\\\/2023\\\/03\\\/michael-aleo-fdhds8oz8ba-unsplash.jpg\",\"contentUrl\":\"https:\\\/\\\/insieme.ch\\\/wp-inside\\\/uploads\\\/2023\\\/03\\\/michael-aleo-fdhds8oz8ba-unsplash.jpg\",\"width\":1920,\"height\":1281},{\"@type\":\"BreadcrumbList\",\"@id\":\"https:\\\/\\\/insieme.ch\\\/fr\\\/news\\\/sante-et-qualite-de-vie\\\/prevenir-les-violences-envers-les-personnes-en-situation-de-handicap\\\/#breadcrumb\",\"itemListElement\":[{\"@type\":\"ListItem\",\"position\":1,\"name\":\"Accueil\",\"item\":\"https:\\\/\\\/insieme.ch\\\/fr\\\/\"},{\"@type\":\"ListItem\",\"position\":2,\"name\":\"News\",\"item\":\"https:\\\/\\\/insieme.ch\\\/fr\\\/news\\\/\"},{\"@type\":\"ListItem\",\"position\":3,\"name\":\"Sant\u00e9 et qualit\u00e9 de vie\",\"item\":\"https:\\\/\\\/insieme.ch\\\/fr\\\/news\\\/sante-et-qualite-de-vie\\\/\"},{\"@type\":\"ListItem\",\"position\":4,\"name\":\"Pr\u00e9venir les violences envers les personnes en situation de handicap\"}]},{\"@type\":\"WebSite\",\"@id\":\"https:\\\/\\\/insieme.ch\\\/fr\\\/#website\",\"url\":\"https:\\\/\\\/insieme.ch\\\/fr\\\/\",\"name\":\"insieme.ch\",\"description\":\"\",\"publisher\":{\"@id\":\"https:\\\/\\\/insieme.ch\\\/fr\\\/#organization\"},\"potentialAction\":[{\"@type\":\"SearchAction\",\"target\":{\"@type\":\"EntryPoint\",\"urlTemplate\":\"https:\\\/\\\/insieme.ch\\\/fr\\\/?s={search_term_string}\"},\"query-input\":{\"@type\":\"PropertyValueSpecification\",\"valueRequired\":true,\"valueName\":\"search_term_string\"}}],\"inLanguage\":\"fr-FR\"},{\"@type\":\"Organization\",\"@id\":\"https:\\\/\\\/insieme.ch\\\/fr\\\/#organization\",\"name\":\"insieme\",\"url\":\"https:\\\/\\\/insieme.ch\\\/fr\\\/\",\"logo\":{\"@type\":\"ImageObject\",\"inLanguage\":\"fr-FR\",\"@id\":\"https:\\\/\\\/insieme.ch\\\/fr\\\/#\\\/schema\\\/logo\\\/image\\\/\",\"url\":\"https:\\\/\\\/insieme.ch\\\/wp-inside\\\/uploads\\\/2021\\\/03\\\/logo-insieme.jpg\",\"contentUrl\":\"https:\\\/\\\/insieme.ch\\\/wp-inside\\\/uploads\\\/2021\\\/03\\\/logo-insieme.jpg\",\"width\":250,\"height\":250,\"caption\":\"insieme\"},\"image\":{\"@id\":\"https:\\\/\\\/insieme.ch\\\/fr\\\/#\\\/schema\\\/logo\\\/image\\\/\"}},{\"@type\":\"Person\",\"@id\":\"https:\\\/\\\/insieme.ch\\\/fr\\\/#\\\/schema\\\/person\\\/b9fed87b37b185acd0dca81f2aa989d2\",\"name\":\"Regula Sandi\",\"image\":{\"@type\":\"ImageObject\",\"inLanguage\":\"fr-FR\",\"@id\":\"https:\\\/\\\/secure.gravatar.com\\\/avatar\\\/ff3a1a8be222507867b2acf4f2e5bf1c8abfdfccf15cabb6a889f171c9d55171?s=96&d=mm&r=g\",\"url\":\"https:\\\/\\\/secure.gravatar.com\\\/avatar\\\/ff3a1a8be222507867b2acf4f2e5bf1c8abfdfccf15cabb6a889f171c9d55171?s=96&d=mm&r=g\",\"contentUrl\":\"https:\\\/\\\/secure.gravatar.com\\\/avatar\\\/ff3a1a8be222507867b2acf4f2e5bf1c8abfdfccf15cabb6a889f171c9d55171?s=96&d=mm&r=g\",\"caption\":\"Regula Sandi\"}}]}<\/script>\n<!-- \/ Yoast SEO plugin. -->","yoast_head_json":{"title":"Pr\u00e9venir les violences envers les personnes en situation de handicap","description":"Les personnes vivant avec un handicap mental courent un risque accru d'\u00eatre victimes de violences sexuelles ou physiques.","robots":{"index":"index","follow":"follow","max-snippet":"max-snippet:-1","max-image-preview":"max-image-preview:large","max-video-preview":"max-video-preview:-1"},"canonical":"https:\/\/insieme.ch\/fr\/news\/sante-et-qualite-de-vie\/prevenir-les-violences-envers-les-personnes-en-situation-de-handicap\/","og_locale":"fr_FR","og_type":"article","og_title":"Pr\u00e9venir les violences envers les personnes en situation de handicap","og_description":"Les personnes vivant avec un handicap mental courent un risque accru d'\u00eatre victimes de violences sexuelles ou physiques.","og_url":"https:\/\/insieme.ch\/fr\/news\/sante-et-qualite-de-vie\/prevenir-les-violences-envers-les-personnes-en-situation-de-handicap\/","og_site_name":"insieme.ch","article_published_time":"2023-03-07T14:40:40+00:00","article_modified_time":"2023-03-07T14:42:07+00:00","og_image":[{"width":1920,"height":1281,"url":"https:\/\/insieme.ch\/wp-inside\/uploads\/2023\/03\/michael-aleo-fdhds8oz8ba-unsplash.jpg","type":"image\/jpeg"}],"author":"Regula Sandi","twitter_card":"summary_large_image","twitter_misc":{"\u00c9crit par":"Regula Sandi","Dur\u00e9e de lecture estim\u00e9e":"3 minutes"},"schema":{"@context":"https:\/\/schema.org","@graph":[{"@type":"Article","@id":"https:\/\/insieme.ch\/fr\/news\/sante-et-qualite-de-vie\/prevenir-les-violences-envers-les-personnes-en-situation-de-handicap\/#article","isPartOf":{"@id":"https:\/\/insieme.ch\/fr\/news\/sante-et-qualite-de-vie\/prevenir-les-violences-envers-les-personnes-en-situation-de-handicap\/"},"author":{"name":"Regula Sandi","@id":"https:\/\/insieme.ch\/fr\/#\/schema\/person\/b9fed87b37b185acd0dca81f2aa989d2"},"headline":"Pr\u00e9venir les violences envers les personnes en situation de handicap","datePublished":"2023-03-07T14:40:40+00:00","dateModified":"2023-03-07T14:42:07+00:00","mainEntityOfPage":{"@id":"https:\/\/insieme.ch\/fr\/news\/sante-et-qualite-de-vie\/prevenir-les-violences-envers-les-personnes-en-situation-de-handicap\/"},"wordCount":698,"publisher":{"@id":"https:\/\/insieme.ch\/fr\/#organization"},"image":{"@id":"https:\/\/insieme.ch\/fr\/news\/sante-et-qualite-de-vie\/prevenir-les-violences-envers-les-personnes-en-situation-de-handicap\/#primaryimage"},"thumbnailUrl":"https:\/\/insieme.ch\/wp-inside\/uploads\/2023\/03\/michael-aleo-fdhds8oz8ba-unsplash.jpg","articleSection":["Sant\u00e9 et qualit\u00e9 de vie"],"inLanguage":"fr-FR"},{"@type":"WebPage","@id":"https:\/\/insieme.ch\/fr\/news\/sante-et-qualite-de-vie\/prevenir-les-violences-envers-les-personnes-en-situation-de-handicap\/","url":"https:\/\/insieme.ch\/fr\/news\/sante-et-qualite-de-vie\/prevenir-les-violences-envers-les-personnes-en-situation-de-handicap\/","name":"Pr\u00e9venir les violences envers les personnes en situation de handicap","isPartOf":{"@id":"https:\/\/insieme.ch\/fr\/#website"},"primaryImageOfPage":{"@id":"https:\/\/insieme.ch\/fr\/news\/sante-et-qualite-de-vie\/prevenir-les-violences-envers-les-personnes-en-situation-de-handicap\/#primaryimage"},"image":{"@id":"https:\/\/insieme.ch\/fr\/news\/sante-et-qualite-de-vie\/prevenir-les-violences-envers-les-personnes-en-situation-de-handicap\/#primaryimage"},"thumbnailUrl":"https:\/\/insieme.ch\/wp-inside\/uploads\/2023\/03\/michael-aleo-fdhds8oz8ba-unsplash.jpg","datePublished":"2023-03-07T14:40:40+00:00","dateModified":"2023-03-07T14:42:07+00:00","description":"Les personnes vivant avec un handicap mental courent un risque accru d'\u00eatre victimes de violences sexuelles ou physiques.","breadcrumb":{"@id":"https:\/\/insieme.ch\/fr\/news\/sante-et-qualite-de-vie\/prevenir-les-violences-envers-les-personnes-en-situation-de-handicap\/#breadcrumb"},"inLanguage":"fr-FR","potentialAction":[{"@type":"ReadAction","target":["https:\/\/insieme.ch\/fr\/news\/sante-et-qualite-de-vie\/prevenir-les-violences-envers-les-personnes-en-situation-de-handicap\/"]}]},{"@type":"ImageObject","inLanguage":"fr-FR","@id":"https:\/\/insieme.ch\/fr\/news\/sante-et-qualite-de-vie\/prevenir-les-violences-envers-les-personnes-en-situation-de-handicap\/#primaryimage","url":"https:\/\/insieme.ch\/wp-inside\/uploads\/2023\/03\/michael-aleo-fdhds8oz8ba-unsplash.jpg","contentUrl":"https:\/\/insieme.ch\/wp-inside\/uploads\/2023\/03\/michael-aleo-fdhds8oz8ba-unsplash.jpg","width":1920,"height":1281},{"@type":"BreadcrumbList","@id":"https:\/\/insieme.ch\/fr\/news\/sante-et-qualite-de-vie\/prevenir-les-violences-envers-les-personnes-en-situation-de-handicap\/#breadcrumb","itemListElement":[{"@type":"ListItem","position":1,"name":"Accueil","item":"https:\/\/insieme.ch\/fr\/"},{"@type":"ListItem","position":2,"name":"News","item":"https:\/\/insieme.ch\/fr\/news\/"},{"@type":"ListItem","position":3,"name":"Sant\u00e9 et qualit\u00e9 de vie","item":"https:\/\/insieme.ch\/fr\/news\/sante-et-qualite-de-vie\/"},{"@type":"ListItem","position":4,"name":"Pr\u00e9venir les violences envers les personnes en situation de handicap"}]},{"@type":"WebSite","@id":"https:\/\/insieme.ch\/fr\/#website","url":"https:\/\/insieme.ch\/fr\/","name":"insieme.ch","description":"","publisher":{"@id":"https:\/\/insieme.ch\/fr\/#organization"},"potentialAction":[{"@type":"SearchAction","target":{"@type":"EntryPoint","urlTemplate":"https:\/\/insieme.ch\/fr\/?s={search_term_string}"},"query-input":{"@type":"PropertyValueSpecification","valueRequired":true,"valueName":"search_term_string"}}],"inLanguage":"fr-FR"},{"@type":"Organization","@id":"https:\/\/insieme.ch\/fr\/#organization","name":"insieme","url":"https:\/\/insieme.ch\/fr\/","logo":{"@type":"ImageObject","inLanguage":"fr-FR","@id":"https:\/\/insieme.ch\/fr\/#\/schema\/logo\/image\/","url":"https:\/\/insieme.ch\/wp-inside\/uploads\/2021\/03\/logo-insieme.jpg","contentUrl":"https:\/\/insieme.ch\/wp-inside\/uploads\/2021\/03\/logo-insieme.jpg","width":250,"height":250,"caption":"insieme"},"image":{"@id":"https:\/\/insieme.ch\/fr\/#\/schema\/logo\/image\/"}},{"@type":"Person","@id":"https:\/\/insieme.ch\/fr\/#\/schema\/person\/b9fed87b37b185acd0dca81f2aa989d2","name":"Regula Sandi","image":{"@type":"ImageObject","inLanguage":"fr-FR","@id":"https:\/\/secure.gravatar.com\/avatar\/ff3a1a8be222507867b2acf4f2e5bf1c8abfdfccf15cabb6a889f171c9d55171?s=96&d=mm&r=g","url":"https:\/\/secure.gravatar.com\/avatar\/ff3a1a8be222507867b2acf4f2e5bf1c8abfdfccf15cabb6a889f171c9d55171?s=96&d=mm&r=g","contentUrl":"https:\/\/secure.gravatar.com\/avatar\/ff3a1a8be222507867b2acf4f2e5bf1c8abfdfccf15cabb6a889f171c9d55171?s=96&d=mm&r=g","caption":"Regula Sandi"}}]}},"_links":{"self":[{"href":"https:\/\/insieme.ch\/fr\/wp-json\/wp\/v2\/posts\/18324","targetHints":{"allow":["GET"]}}],"collection":[{"href":"https:\/\/insieme.ch\/fr\/wp-json\/wp\/v2\/posts"}],"about":[{"href":"https:\/\/insieme.ch\/fr\/wp-json\/wp\/v2\/types\/post"}],"author":[{"embeddable":true,"href":"https:\/\/insieme.ch\/fr\/wp-json\/wp\/v2\/users\/21"}],"replies":[{"embeddable":true,"href":"https:\/\/insieme.ch\/fr\/wp-json\/wp\/v2\/comments?post=18324"}],"version-history":[{"count":5,"href":"https:\/\/insieme.ch\/fr\/wp-json\/wp\/v2\/posts\/18324\/revisions"}],"predecessor-version":[{"id":18356,"href":"https:\/\/insieme.ch\/fr\/wp-json\/wp\/v2\/posts\/18324\/revisions\/18356"}],"wp:featuredmedia":[{"embeddable":true,"href":"https:\/\/insieme.ch\/fr\/wp-json\/wp\/v2\/media\/18349"}],"wp:attachment":[{"href":"https:\/\/insieme.ch\/fr\/wp-json\/wp\/v2\/media?parent=18324"}],"wp:term":[{"taxonomy":"category","embeddable":true,"href":"https:\/\/insieme.ch\/fr\/wp-json\/wp\/v2\/categories?post=18324"},{"taxonomy":"post_tag","embeddable":true,"href":"https:\/\/insieme.ch\/fr\/wp-json\/wp\/v2\/tags?post=18324"}],"curies":[{"name":"wp","href":"https:\/\/api.w.org\/{rel}","templated":true}]}}