{"id":11350,"date":"2022-01-12T17:55:56","date_gmt":"2022-01-12T16:55:56","guid":{"rendered":"https:\/\/insieme.ch\/?p=11350"},"modified":"2022-01-21T13:30:59","modified_gmt":"2022-01-21T12:30:59","slug":"de-lattestation-au-certificat-de-derogation","status":"publish","type":"post","link":"https:\/\/insieme.ch\/fr\/news\/sante-et-qualite-de-vie\/de-lattestation-au-certificat-de-derogation\/","title":{"rendered":"De l\u2019attestation au certificat de d\u00e9rogation"},"content":{"rendered":"<p><!-- flzn:zn_pagebanner --><\/p>\n<header id=\"flzn-pagebanner-1\" class=\"zone zn-pagebanner with-bg bg-color\"><span class=\"zone-bg bg-color bgc-yellow-light alignfull\"><\/span><\/p>\n<div class=\"zone-block zn-pagebanner-block alignwide va-center\"><\/div>\n<\/header>\n<p><!-- \/flzn:zn_pagebanner --><br \/>\n<!-- flzn:zn_intro --><\/p>\n<div id=\"flzn-intro-1\" class=\"zone zn-intro with-bg bg-color\"><span class=\"zone-bg bg-color bgc-white alignfull\"><\/span><\/p>\n<div class=\"zone-block zn-intro-block alignsimple va-top\">\n<div class=\"addthis_inline_share_toolbox\"><\/div>\n<div class=\"row mw-content-zone  \">\n<div class=\"columns large-12\">\n<div class=\"row large-up-1 with-nice-alignment nbloc-1\">\n<div class=\"column zn-intro-col\">\n<div class=\"column-inner\">\n<div class=\"wig-content mw-content\">\n<p><strong>Les personnes qui ne peuvent ni se faire vacciner ni se faire tester pour des raisons m\u00e9dicales devront faire transformer leur attestation m\u00e9dicale en certificat de d\u00e9rogation.<\/strong><!--more--><\/p>\n<p>Jusqu\u2019\u00e0 pr\u00e9sent, les personnes qui ne pouvaient ni se faire vacciner ni se faire tester pouvaient se rendre dans les \u00e9tablissements o\u00f9 le certificat est obligatoire, comme les restaurants, les lieux culturels ou les centres sportifs, gr\u00e2ce \u00e0 une attestation m\u00e9dicale au format papier d\u00e9livr\u00e9e par leur m\u00e9decin.<\/p>\n<p><img decoding=\"async\" loading=\"lazy\" class=\"alignnone wp-image-11351 size-large\" src=\"https:\/\/insieme.ch\/wp-inside\/uploads\/2022\/01\/bag_plakat_f-1-722x1024.jpg\" alt=\"Une image de l\u2019OFSP avec la question: \u00abAvez-vous votre certificat COVID sur vous?\u00bb\" width=\"722\" height=\"1024\" srcset=\"https:\/\/insieme.ch\/wp-inside\/uploads\/2022\/01\/bag_plakat_f-1-722x1024.jpg 722w, https:\/\/insieme.ch\/wp-inside\/uploads\/2022\/01\/bag_plakat_f-1-211x300.jpg 211w, https:\/\/insieme.ch\/wp-inside\/uploads\/2022\/01\/bag_plakat_f-1-768x1090.jpg 768w, https:\/\/insieme.ch\/wp-inside\/uploads\/2022\/01\/bag_plakat_f-1-1082x1536.jpg 1082w, https:\/\/insieme.ch\/wp-inside\/uploads\/2022\/01\/bag_plakat_f-1-1443x2048.jpg 1443w, https:\/\/insieme.ch\/wp-inside\/uploads\/2022\/01\/bag_plakat_f-1-226x320.jpg 226w, https:\/\/insieme.ch\/wp-inside\/uploads\/2022\/01\/bag_plakat_f-1-800x1135.jpg 800w, https:\/\/insieme.ch\/wp-inside\/uploads\/2022\/01\/bag_plakat_f-1-1920x2724.jpg 1920w, https:\/\/insieme.ch\/wp-inside\/uploads\/2022\/01\/bag_plakat_f-1-320x454.jpg 320w, https:\/\/insieme.ch\/wp-inside\/uploads\/2022\/01\/bag_plakat_f-1-scaled.jpg 1804w\" sizes=\"auto, (max-width: 722px) 100vw, 722px\" \/><\/p>\n<p>Depuis le 10 janvier 2022, l&#8217;attestation m\u00e9dicale peut et doit \u00eatre transform\u00e9e en un certificat Covid avec un code QR (certificat de d\u00e9rogation). Les attestations papier utilis\u00e9es jusque-l\u00e0 sont valables seulement jusqu\u2019au 13 f\u00e9vrier 2022. Les personnes qui poss\u00e8dent une attestation m\u00e9dicale papier valable peuvent s\u2019adresser au point de contact de leur canton pour faire transformer celle-ci en certificat de d\u00e9rogation.<\/p>\n<p>Il est essentiel que toutes les personnes qui disposent d\u2019une telle attestation aient le temps de faire transformer celle-ci en certificat. Le d\u00e9lai de validit\u00e9 fix\u00e9 initialement au 24 janvier \u00e9tait bien trop court \u00e0 cet \u00e9gard. Gr\u00e2ce \u00e0 l\u2019engagement d\u2019insieme, la p\u00e9riode de transition a \u00e9t\u00e9 prolong\u00e9e jusqu\u2019au 13 f\u00e9vrier.<br \/>\n<a href=\"https:\/\/insieme.ch\/wp-inside\/uploads\/2022\/01\/grundlagentext_ausnahmezertifikat_fr.pdf\">Communication de l\u2019OFSP (PDF)<\/a><\/p>\n<p><a href=\"https:\/\/insieme.ch\/wp-inside\/uploads\/2022\/01\/ausnahmezertifikat_kantonale-kontaktstellen_certificat-de-derogation_points-de-contact.pdf\">Points de contact cantonaux pour le certificat de d\u00e9rogation (pdf)<\/a><\/p>\n<\/p><\/div>\n<\/p><\/div>\n<\/p><\/div>\n<\/p><\/div>\n<\/p><\/div>\n<\/p><\/div>\n<\/div>\n<\/div>\n<p><!-- \/flzn:zn_intro --><\/p>\n","protected":false},"excerpt":{"rendered":"<p>Les personnes qui ne peuvent ni se faire vacciner ni se faire tester pour des raisons m\u00e9dicales devront faire transformer leur attestation m\u00e9dicale en certificat de d\u00e9rogation.<\/p>\n","protected":false},"author":21,"featured_media":11351,"comment_status":"closed","ping_status":"closed","sticky":false,"template":"","format":"standard","meta":{"_acf_changed":false,"footnotes":"","_wpscppro_dont_share_socialmedia":false,"_wpscppro_custom_social_share_image":0,"_facebook_share_type":"","_twitter_share_type":"","_linkedin_share_type":"","_pinterest_share_type":"","_linkedin_share_type_page":"","_instagram_share_type":"","_medium_share_type":"","_threads_share_type":"","_google_business_share_type":"","_selected_social_profile":[],"_wpsp_enable_custom_social_template":false,"_wpsp_social_scheduling":{"enabled":false,"datetime":null,"platforms":[],"status":"template_only","dateOption":"today","timeOption":"now","customDays":"","customHours":"","customDate":"","customTime":"","schedulingType":"absolute"},"_wpsp_active_default_template":true},"categories":[160],"tags":[],"class_list":["post-11350","post","type-post","status-publish","format-standard","has-post-thumbnail","hentry","category-sante-et-qualite-de-vie","wp-sticky"],"acf":[],"yoast_head":"<!-- This site is optimized with the Yoast SEO plugin v27.5 - https:\/\/yoast.com\/product\/yoast-seo-wordpress\/ -->\n<title>De l\u2019attestation au certificat de d\u00e9rogation<\/title>\n<meta name=\"description\" content=\"Les personnes qui ne peuvent ni se faire vacciner ni se faire tester pour des raisons m\u00e9dicales devront faire transformer leur attestation m\u00e9dicale en certificat de d\u00e9rogation.\" \/>\n<meta name=\"robots\" content=\"index, follow, max-snippet:-1, max-image-preview:large, max-video-preview:-1\" \/>\n<link rel=\"canonical\" href=\"https:\/\/insieme.ch\/fr\/news\/sante-et-qualite-de-vie\/de-lattestation-au-certificat-de-derogation\/\" \/>\n<meta property=\"og:locale\" content=\"fr_FR\" \/>\n<meta property=\"og:type\" content=\"article\" \/>\n<meta property=\"og:title\" content=\"De l\u2019attestation au certificat de d\u00e9rogation\" \/>\n<meta property=\"og:description\" content=\"Les personnes qui ne peuvent ni se faire vacciner ni se faire tester pour des raisons m\u00e9dicales devront faire transformer leur attestation m\u00e9dicale en certificat de d\u00e9rogation.\" \/>\n<meta property=\"og:url\" content=\"https:\/\/insieme.ch\/fr\/news\/sante-et-qualite-de-vie\/de-lattestation-au-certificat-de-derogation\/\" \/>\n<meta property=\"og:site_name\" content=\"insieme.ch\" \/>\n<meta property=\"article:published_time\" content=\"2022-01-12T16:55:56+00:00\" \/>\n<meta property=\"article:modified_time\" content=\"2022-01-21T12:30:59+00:00\" \/>\n<meta property=\"og:image\" content=\"https:\/\/insieme.ch\/wp-inside\/uploads\/2022\/01\/bag_plakat_f-1-scaled.jpg\" \/>\n\t<meta property=\"og:image:width\" content=\"1804\" \/>\n\t<meta property=\"og:image:height\" content=\"2560\" \/>\n\t<meta property=\"og:image:type\" content=\"image\/jpeg\" \/>\n<meta name=\"author\" content=\"Regula Sandi\" \/>\n<meta name=\"twitter:card\" content=\"summary_large_image\" \/>\n<meta name=\"twitter:label1\" content=\"\u00c9crit par\" \/>\n\t<meta name=\"twitter:data1\" content=\"Regula Sandi\" \/>\n\t<meta name=\"twitter:label2\" content=\"Dur\u00e9e de lecture estim\u00e9e\" \/>\n\t<meta name=\"twitter:data2\" content=\"1 minute\" \/>\n<script type=\"application\/ld+json\" class=\"yoast-schema-graph\">{\"@context\":\"https:\\\/\\\/schema.org\",\"@graph\":[{\"@type\":\"Article\",\"@id\":\"https:\\\/\\\/insieme.ch\\\/fr\\\/news\\\/sante-et-qualite-de-vie\\\/de-lattestation-au-certificat-de-derogation\\\/#article\",\"isPartOf\":{\"@id\":\"https:\\\/\\\/insieme.ch\\\/fr\\\/news\\\/sante-et-qualite-de-vie\\\/de-lattestation-au-certificat-de-derogation\\\/\"},\"author\":{\"name\":\"Regula Sandi\",\"@id\":\"https:\\\/\\\/insieme.ch\\\/fr\\\/#\\\/schema\\\/person\\\/b9fed87b37b185acd0dca81f2aa989d2\"},\"headline\":\"De l\u2019attestation au certificat de d\u00e9rogation\",\"datePublished\":\"2022-01-12T16:55:56+00:00\",\"dateModified\":\"2022-01-21T12:30:59+00:00\",\"mainEntityOfPage\":{\"@id\":\"https:\\\/\\\/insieme.ch\\\/fr\\\/news\\\/sante-et-qualite-de-vie\\\/de-lattestation-au-certificat-de-derogation\\\/\"},\"wordCount\":231,\"publisher\":{\"@id\":\"https:\\\/\\\/insieme.ch\\\/fr\\\/#organization\"},\"image\":{\"@id\":\"https:\\\/\\\/insieme.ch\\\/fr\\\/news\\\/sante-et-qualite-de-vie\\\/de-lattestation-au-certificat-de-derogation\\\/#primaryimage\"},\"thumbnailUrl\":\"https:\\\/\\\/insieme.ch\\\/wp-inside\\\/uploads\\\/2022\\\/01\\\/bag_plakat_f-1-scaled.jpg\",\"articleSection\":[\"Sant\u00e9 et qualit\u00e9 de vie\"],\"inLanguage\":\"fr-FR\"},{\"@type\":\"WebPage\",\"@id\":\"https:\\\/\\\/insieme.ch\\\/fr\\\/news\\\/sante-et-qualite-de-vie\\\/de-lattestation-au-certificat-de-derogation\\\/\",\"url\":\"https:\\\/\\\/insieme.ch\\\/fr\\\/news\\\/sante-et-qualite-de-vie\\\/de-lattestation-au-certificat-de-derogation\\\/\",\"name\":\"De l\u2019attestation au certificat de d\u00e9rogation\",\"isPartOf\":{\"@id\":\"https:\\\/\\\/insieme.ch\\\/fr\\\/#website\"},\"primaryImageOfPage\":{\"@id\":\"https:\\\/\\\/insieme.ch\\\/fr\\\/news\\\/sante-et-qualite-de-vie\\\/de-lattestation-au-certificat-de-derogation\\\/#primaryimage\"},\"image\":{\"@id\":\"https:\\\/\\\/insieme.ch\\\/fr\\\/news\\\/sante-et-qualite-de-vie\\\/de-lattestation-au-certificat-de-derogation\\\/#primaryimage\"},\"thumbnailUrl\":\"https:\\\/\\\/insieme.ch\\\/wp-inside\\\/uploads\\\/2022\\\/01\\\/bag_plakat_f-1-scaled.jpg\",\"datePublished\":\"2022-01-12T16:55:56+00:00\",\"dateModified\":\"2022-01-21T12:30:59+00:00\",\"description\":\"Les personnes qui ne peuvent ni se faire vacciner ni se faire tester pour des raisons m\u00e9dicales devront faire transformer leur attestation m\u00e9dicale en certificat de d\u00e9rogation.\",\"breadcrumb\":{\"@id\":\"https:\\\/\\\/insieme.ch\\\/fr\\\/news\\\/sante-et-qualite-de-vie\\\/de-lattestation-au-certificat-de-derogation\\\/#breadcrumb\"},\"inLanguage\":\"fr-FR\",\"potentialAction\":[{\"@type\":\"ReadAction\",\"target\":[\"https:\\\/\\\/insieme.ch\\\/fr\\\/news\\\/sante-et-qualite-de-vie\\\/de-lattestation-au-certificat-de-derogation\\\/\"]}]},{\"@type\":\"ImageObject\",\"inLanguage\":\"fr-FR\",\"@id\":\"https:\\\/\\\/insieme.ch\\\/fr\\\/news\\\/sante-et-qualite-de-vie\\\/de-lattestation-au-certificat-de-derogation\\\/#primaryimage\",\"url\":\"https:\\\/\\\/insieme.ch\\\/wp-inside\\\/uploads\\\/2022\\\/01\\\/bag_plakat_f-1-scaled.jpg\",\"contentUrl\":\"https:\\\/\\\/insieme.ch\\\/wp-inside\\\/uploads\\\/2022\\\/01\\\/bag_plakat_f-1-scaled.jpg\",\"width\":1804,\"height\":2560},{\"@type\":\"BreadcrumbList\",\"@id\":\"https:\\\/\\\/insieme.ch\\\/fr\\\/news\\\/sante-et-qualite-de-vie\\\/de-lattestation-au-certificat-de-derogation\\\/#breadcrumb\",\"itemListElement\":[{\"@type\":\"ListItem\",\"position\":1,\"name\":\"Accueil\",\"item\":\"https:\\\/\\\/insieme.ch\\\/fr\\\/\"},{\"@type\":\"ListItem\",\"position\":2,\"name\":\"News\",\"item\":\"https:\\\/\\\/insieme.ch\\\/fr\\\/news\\\/\"},{\"@type\":\"ListItem\",\"position\":3,\"name\":\"Sant\u00e9 et qualit\u00e9 de vie\",\"item\":\"https:\\\/\\\/insieme.ch\\\/fr\\\/news\\\/sante-et-qualite-de-vie\\\/\"},{\"@type\":\"ListItem\",\"position\":4,\"name\":\"De l\u2019attestation au certificat de d\u00e9rogation\"}]},{\"@type\":\"WebSite\",\"@id\":\"https:\\\/\\\/insieme.ch\\\/fr\\\/#website\",\"url\":\"https:\\\/\\\/insieme.ch\\\/fr\\\/\",\"name\":\"insieme.ch\",\"description\":\"\",\"publisher\":{\"@id\":\"https:\\\/\\\/insieme.ch\\\/fr\\\/#organization\"},\"potentialAction\":[{\"@type\":\"SearchAction\",\"target\":{\"@type\":\"EntryPoint\",\"urlTemplate\":\"https:\\\/\\\/insieme.ch\\\/fr\\\/?s={search_term_string}\"},\"query-input\":{\"@type\":\"PropertyValueSpecification\",\"valueRequired\":true,\"valueName\":\"search_term_string\"}}],\"inLanguage\":\"fr-FR\"},{\"@type\":\"Organization\",\"@id\":\"https:\\\/\\\/insieme.ch\\\/fr\\\/#organization\",\"name\":\"insieme\",\"url\":\"https:\\\/\\\/insieme.ch\\\/fr\\\/\",\"logo\":{\"@type\":\"ImageObject\",\"inLanguage\":\"fr-FR\",\"@id\":\"https:\\\/\\\/insieme.ch\\\/fr\\\/#\\\/schema\\\/logo\\\/image\\\/\",\"url\":\"https:\\\/\\\/insieme.ch\\\/wp-inside\\\/uploads\\\/2021\\\/03\\\/logo-insieme.jpg\",\"contentUrl\":\"https:\\\/\\\/insieme.ch\\\/wp-inside\\\/uploads\\\/2021\\\/03\\\/logo-insieme.jpg\",\"width\":250,\"height\":250,\"caption\":\"insieme\"},\"image\":{\"@id\":\"https:\\\/\\\/insieme.ch\\\/fr\\\/#\\\/schema\\\/logo\\\/image\\\/\"}},{\"@type\":\"Person\",\"@id\":\"https:\\\/\\\/insieme.ch\\\/fr\\\/#\\\/schema\\\/person\\\/b9fed87b37b185acd0dca81f2aa989d2\",\"name\":\"Regula Sandi\",\"image\":{\"@type\":\"ImageObject\",\"inLanguage\":\"fr-FR\",\"@id\":\"https:\\\/\\\/secure.gravatar.com\\\/avatar\\\/ff3a1a8be222507867b2acf4f2e5bf1c8abfdfccf15cabb6a889f171c9d55171?s=96&d=mm&r=g\",\"url\":\"https:\\\/\\\/secure.gravatar.com\\\/avatar\\\/ff3a1a8be222507867b2acf4f2e5bf1c8abfdfccf15cabb6a889f171c9d55171?s=96&d=mm&r=g\",\"contentUrl\":\"https:\\\/\\\/secure.gravatar.com\\\/avatar\\\/ff3a1a8be222507867b2acf4f2e5bf1c8abfdfccf15cabb6a889f171c9d55171?s=96&d=mm&r=g\",\"caption\":\"Regula Sandi\"}}]}<\/script>\n<!-- \/ Yoast SEO plugin. -->","yoast_head_json":{"title":"De l\u2019attestation au certificat de d\u00e9rogation","description":"Les personnes qui ne peuvent ni se faire vacciner ni se faire tester pour des raisons m\u00e9dicales devront faire transformer leur attestation m\u00e9dicale en certificat de d\u00e9rogation.","robots":{"index":"index","follow":"follow","max-snippet":"max-snippet:-1","max-image-preview":"max-image-preview:large","max-video-preview":"max-video-preview:-1"},"canonical":"https:\/\/insieme.ch\/fr\/news\/sante-et-qualite-de-vie\/de-lattestation-au-certificat-de-derogation\/","og_locale":"fr_FR","og_type":"article","og_title":"De l\u2019attestation au certificat de d\u00e9rogation","og_description":"Les personnes qui ne peuvent ni se faire vacciner ni se faire tester pour des raisons m\u00e9dicales devront faire transformer leur attestation m\u00e9dicale en certificat de d\u00e9rogation.","og_url":"https:\/\/insieme.ch\/fr\/news\/sante-et-qualite-de-vie\/de-lattestation-au-certificat-de-derogation\/","og_site_name":"insieme.ch","article_published_time":"2022-01-12T16:55:56+00:00","article_modified_time":"2022-01-21T12:30:59+00:00","og_image":[{"width":1804,"height":2560,"url":"https:\/\/insieme.ch\/wp-inside\/uploads\/2022\/01\/bag_plakat_f-1-scaled.jpg","type":"image\/jpeg"}],"author":"Regula Sandi","twitter_card":"summary_large_image","twitter_misc":{"\u00c9crit par":"Regula Sandi","Dur\u00e9e de lecture estim\u00e9e":"1 minute"},"schema":{"@context":"https:\/\/schema.org","@graph":[{"@type":"Article","@id":"https:\/\/insieme.ch\/fr\/news\/sante-et-qualite-de-vie\/de-lattestation-au-certificat-de-derogation\/#article","isPartOf":{"@id":"https:\/\/insieme.ch\/fr\/news\/sante-et-qualite-de-vie\/de-lattestation-au-certificat-de-derogation\/"},"author":{"name":"Regula Sandi","@id":"https:\/\/insieme.ch\/fr\/#\/schema\/person\/b9fed87b37b185acd0dca81f2aa989d2"},"headline":"De l\u2019attestation au certificat de d\u00e9rogation","datePublished":"2022-01-12T16:55:56+00:00","dateModified":"2022-01-21T12:30:59+00:00","mainEntityOfPage":{"@id":"https:\/\/insieme.ch\/fr\/news\/sante-et-qualite-de-vie\/de-lattestation-au-certificat-de-derogation\/"},"wordCount":231,"publisher":{"@id":"https:\/\/insieme.ch\/fr\/#organization"},"image":{"@id":"https:\/\/insieme.ch\/fr\/news\/sante-et-qualite-de-vie\/de-lattestation-au-certificat-de-derogation\/#primaryimage"},"thumbnailUrl":"https:\/\/insieme.ch\/wp-inside\/uploads\/2022\/01\/bag_plakat_f-1-scaled.jpg","articleSection":["Sant\u00e9 et qualit\u00e9 de vie"],"inLanguage":"fr-FR"},{"@type":"WebPage","@id":"https:\/\/insieme.ch\/fr\/news\/sante-et-qualite-de-vie\/de-lattestation-au-certificat-de-derogation\/","url":"https:\/\/insieme.ch\/fr\/news\/sante-et-qualite-de-vie\/de-lattestation-au-certificat-de-derogation\/","name":"De l\u2019attestation au certificat de d\u00e9rogation","isPartOf":{"@id":"https:\/\/insieme.ch\/fr\/#website"},"primaryImageOfPage":{"@id":"https:\/\/insieme.ch\/fr\/news\/sante-et-qualite-de-vie\/de-lattestation-au-certificat-de-derogation\/#primaryimage"},"image":{"@id":"https:\/\/insieme.ch\/fr\/news\/sante-et-qualite-de-vie\/de-lattestation-au-certificat-de-derogation\/#primaryimage"},"thumbnailUrl":"https:\/\/insieme.ch\/wp-inside\/uploads\/2022\/01\/bag_plakat_f-1-scaled.jpg","datePublished":"2022-01-12T16:55:56+00:00","dateModified":"2022-01-21T12:30:59+00:00","description":"Les personnes qui ne peuvent ni se faire vacciner ni se faire tester pour des raisons m\u00e9dicales devront faire transformer leur attestation m\u00e9dicale en certificat de d\u00e9rogation.","breadcrumb":{"@id":"https:\/\/insieme.ch\/fr\/news\/sante-et-qualite-de-vie\/de-lattestation-au-certificat-de-derogation\/#breadcrumb"},"inLanguage":"fr-FR","potentialAction":[{"@type":"ReadAction","target":["https:\/\/insieme.ch\/fr\/news\/sante-et-qualite-de-vie\/de-lattestation-au-certificat-de-derogation\/"]}]},{"@type":"ImageObject","inLanguage":"fr-FR","@id":"https:\/\/insieme.ch\/fr\/news\/sante-et-qualite-de-vie\/de-lattestation-au-certificat-de-derogation\/#primaryimage","url":"https:\/\/insieme.ch\/wp-inside\/uploads\/2022\/01\/bag_plakat_f-1-scaled.jpg","contentUrl":"https:\/\/insieme.ch\/wp-inside\/uploads\/2022\/01\/bag_plakat_f-1-scaled.jpg","width":1804,"height":2560},{"@type":"BreadcrumbList","@id":"https:\/\/insieme.ch\/fr\/news\/sante-et-qualite-de-vie\/de-lattestation-au-certificat-de-derogation\/#breadcrumb","itemListElement":[{"@type":"ListItem","position":1,"name":"Accueil","item":"https:\/\/insieme.ch\/fr\/"},{"@type":"ListItem","position":2,"name":"News","item":"https:\/\/insieme.ch\/fr\/news\/"},{"@type":"ListItem","position":3,"name":"Sant\u00e9 et qualit\u00e9 de vie","item":"https:\/\/insieme.ch\/fr\/news\/sante-et-qualite-de-vie\/"},{"@type":"ListItem","position":4,"name":"De l\u2019attestation au certificat de d\u00e9rogation"}]},{"@type":"WebSite","@id":"https:\/\/insieme.ch\/fr\/#website","url":"https:\/\/insieme.ch\/fr\/","name":"insieme.ch","description":"","publisher":{"@id":"https:\/\/insieme.ch\/fr\/#organization"},"potentialAction":[{"@type":"SearchAction","target":{"@type":"EntryPoint","urlTemplate":"https:\/\/insieme.ch\/fr\/?s={search_term_string}"},"query-input":{"@type":"PropertyValueSpecification","valueRequired":true,"valueName":"search_term_string"}}],"inLanguage":"fr-FR"},{"@type":"Organization","@id":"https:\/\/insieme.ch\/fr\/#organization","name":"insieme","url":"https:\/\/insieme.ch\/fr\/","logo":{"@type":"ImageObject","inLanguage":"fr-FR","@id":"https:\/\/insieme.ch\/fr\/#\/schema\/logo\/image\/","url":"https:\/\/insieme.ch\/wp-inside\/uploads\/2021\/03\/logo-insieme.jpg","contentUrl":"https:\/\/insieme.ch\/wp-inside\/uploads\/2021\/03\/logo-insieme.jpg","width":250,"height":250,"caption":"insieme"},"image":{"@id":"https:\/\/insieme.ch\/fr\/#\/schema\/logo\/image\/"}},{"@type":"Person","@id":"https:\/\/insieme.ch\/fr\/#\/schema\/person\/b9fed87b37b185acd0dca81f2aa989d2","name":"Regula Sandi","image":{"@type":"ImageObject","inLanguage":"fr-FR","@id":"https:\/\/secure.gravatar.com\/avatar\/ff3a1a8be222507867b2acf4f2e5bf1c8abfdfccf15cabb6a889f171c9d55171?s=96&d=mm&r=g","url":"https:\/\/secure.gravatar.com\/avatar\/ff3a1a8be222507867b2acf4f2e5bf1c8abfdfccf15cabb6a889f171c9d55171?s=96&d=mm&r=g","contentUrl":"https:\/\/secure.gravatar.com\/avatar\/ff3a1a8be222507867b2acf4f2e5bf1c8abfdfccf15cabb6a889f171c9d55171?s=96&d=mm&r=g","caption":"Regula Sandi"}}]}},"_links":{"self":[{"href":"https:\/\/insieme.ch\/fr\/wp-json\/wp\/v2\/posts\/11350","targetHints":{"allow":["GET"]}}],"collection":[{"href":"https:\/\/insieme.ch\/fr\/wp-json\/wp\/v2\/posts"}],"about":[{"href":"https:\/\/insieme.ch\/fr\/wp-json\/wp\/v2\/types\/post"}],"author":[{"embeddable":true,"href":"https:\/\/insieme.ch\/fr\/wp-json\/wp\/v2\/users\/21"}],"replies":[{"embeddable":true,"href":"https:\/\/insieme.ch\/fr\/wp-json\/wp\/v2\/comments?post=11350"}],"version-history":[{"count":5,"href":"https:\/\/insieme.ch\/fr\/wp-json\/wp\/v2\/posts\/11350\/revisions"}],"predecessor-version":[{"id":11415,"href":"https:\/\/insieme.ch\/fr\/wp-json\/wp\/v2\/posts\/11350\/revisions\/11415"}],"wp:featuredmedia":[{"embeddable":true,"href":"https:\/\/insieme.ch\/fr\/wp-json\/wp\/v2\/media\/11351"}],"wp:attachment":[{"href":"https:\/\/insieme.ch\/fr\/wp-json\/wp\/v2\/media?parent=11350"}],"wp:term":[{"taxonomy":"category","embeddable":true,"href":"https:\/\/insieme.ch\/fr\/wp-json\/wp\/v2\/categories?post=11350"},{"taxonomy":"post_tag","embeddable":true,"href":"https:\/\/insieme.ch\/fr\/wp-json\/wp\/v2\/tags?post=11350"}],"curies":[{"name":"wp","href":"https:\/\/api.w.org\/{rel}","templated":true}]}}