{"id":10991,"date":"2021-11-17T17:58:56","date_gmt":"2021-11-17T16:58:56","guid":{"rendered":"https:\/\/insieme.ch\/?p=10991"},"modified":"2021-11-18T09:37:18","modified_gmt":"2021-11-18T08:37:18","slug":"des-mesures-pour-encourager-la-vie-politique","status":"publish","type":"post","link":"https:\/\/insieme.ch\/fr\/news\/inclusion\/des-mesures-pour-encourager-la-vie-politique\/","title":{"rendered":"Des mesures pour encourager la vie politique"},"content":{"rendered":"<p><!-- flzn:zn_pagebanner --><\/p>\n<header id=\"flzn-pagebanner-1\" class=\"zone zn-pagebanner with-bg bg-color\"><span class=\"zone-bg bg-color bgc-yellow-light alignfull\"><\/span><\/p>\n<div class=\"zone-block zn-pagebanner-block alignwide va-center\"><\/div>\n<\/header>\n<p><!-- \/flzn:zn_pagebanner --><br \/>\n<!-- flzn:zn_intro --><\/p>\n<div id=\"flzn-intro-1\" class=\"zone zn-intro with-bg bg-color\"><span class=\"zone-bg bg-color bgc-white alignfull\"><\/span><\/p>\n<div class=\"zone-block zn-intro-block alignsimple va-top\">\n<div class=\"addthis_inline_share_toolbox\"><\/div>\n<div class=\"row mw-content-zone  \">\n<div class=\"columns large-12\">\n<div class=\"row large-up-1 with-nice-alignment nbloc-1\">\n<div class=\"column zn-intro-col\">\n<div class=\"column-inner\">\n<div class=\"wig-content mw-content\">\n<p><strong>En Suisse,<\/strong><strong> les personnes en situation de handicap sont sous-repr\u00e9sent\u00e9es dans le monde politique&#160;: Christian Lohr est le seul parlementaire ayant un handicap visible. Surtout si l\u2019on pense aux quelques 1,7 million de personnes en situation de handicap qui vivent dans notre pays. Avec l\u2019association Tatkraft, le politicien Islam Alijaj (PS\/ZH) s\u2019engage pour am\u00e9liorer la participation politique des personnes en situation de handicap. Les r\u00e9sultats de l\u2019\u00e9tude \u00ab&#160;Disabled in Politics&#160;\u00bb qu\u2019il a lanc\u00e9e \u00e0 l\u2019Universit\u00e9 de Zurich sont d\u00e9sormais disponibles, tout comme un catalogue de mesures. <\/strong><!--more--><\/p>\n<p>Comment, \u00e0 tous les \u00e9chelons \u00e9tatiques et au sein des instances politiques, accro\u00eetre le taux de participation politique des personnes en situation de handicap en Suisse&#160;? C&#8217;est la pr\u00e9occupation qui a guid\u00e9 la r\u00e9alisation du catalogue de mesures relatif \u00e0 l\u2019\u00e9tude \u00ab&#160;Disabled in Politics&#160;\u00bb de l\u2019Universit\u00e9 de Zurich. En ratifiant la Convention de l\u2019ONU relative aux droits des personnes handicap\u00e9es (CDPH), la Suisse s\u2019est \u00e9galement engag\u00e9e \u00e0 permettre aux personnes en situation de handicap d\u2019exercer leurs droits politiques. Ceux-ci comprennent non seulement le droit de vote, lors de votations ou d\u2019\u00e9lections, mais aussi le droit d\u2019\u00e9ligibilit\u00e9, c\u2019est-\u00e0-dire le droit de se pr\u00e9senter aux \u00e9lections.<\/p>\n<div id=\"attachment_10999\" class=\"wp-caption alignnone\" style=\"width:100%;max-width:1024px\"><img decoding=\"async\" loading=\"lazy\" class=\"wp-image-10999 size-large\" src=\"https:\/\/insieme.ch\/wp-inside\/uploads\/2021\/11\/foto-podium-1024x768.jpg\" alt=\"Cinq personnes, dont trois en chaise roulante, sont sur une estrade et discutent.\" width=\"1024\" height=\"768\" srcset=\"https:\/\/insieme.ch\/wp-inside\/uploads\/2021\/11\/foto-podium-1024x768.jpg 1024w, https:\/\/insieme.ch\/wp-inside\/uploads\/2021\/11\/foto-podium-300x225.jpg 300w, https:\/\/insieme.ch\/wp-inside\/uploads\/2021\/11\/foto-podium-768x576.jpg 768w, https:\/\/insieme.ch\/wp-inside\/uploads\/2021\/11\/foto-podium-1536x1152.jpg 1536w, https:\/\/insieme.ch\/wp-inside\/uploads\/2021\/11\/foto-podium-320x240.jpg 320w, https:\/\/insieme.ch\/wp-inside\/uploads\/2021\/11\/foto-podium-800x600.jpg 800w, https:\/\/insieme.ch\/wp-inside\/uploads\/2021\/11\/foto-podium-1920x1440.jpg 1920w, https:\/\/insieme.ch\/wp-inside\/uploads\/2021\/11\/foto-podium.jpg 2000w\" sizes=\"auto, (max-width: 1024px) 100vw, 1024px\" \/><\/p>\n<p class=\"wp-caption-text\">Jahn Graf, Claudia Spiess, Chris Heer, Flurina Rigling et Roger Sieger (de gauche \u00e0 droite) ont particip\u00e9 \u00e0 la discussion.<\/p>\n<\/div>\n<h2><strong>Plus de ressources financi\u00e8res<\/strong><\/h2>\n<p>Des recommandations sur la mise en \u0153uvre de cet engagement en Suisse sont pr\u00e9sent\u00e9es dans cette \u00e9tude. Celles-ci concernent les autorit\u00e9s aux niveaux communal, cantonal et f\u00e9d\u00e9ral, les partis politiques ainsi que les organisations de personnes en situation de handicap.<br \/>\nLa Conf\u00e9d\u00e9ration et les cantons doivent adapter les lois afin que les personnes en situation de handicap puissent exercer leur droit de vote et d&#8217;\u00e9ligibilit\u00e9. L\u2019\u00e9tude parvient \u00e0 la conclusion qu\u2019un soutien financier est n\u00e9cessaire pour les partis politiques ainsi que pour les femmes et les hommes politiques en situation de handicap et propose la cr\u00e9ation d\u2019un fonds afin de leur allouer des ressources financi\u00e8res.<\/p>\n<h2><strong>Les partis cr\u00e9ent des emplois, les organisations garantissent la visibilit\u00e9<\/strong><\/h2>\n<p>\u00ab&#160;Rien sur nous sans nous&#160;\u00bb, c\u2019est selon cette maxime que les personnes en situation de handicap peuvent d\u00e9fendre elles-m\u00eames ce qui leur tient \u00e0 c\u0153ur. Proposer une formation politique ainsi que des informations compr\u00e9hensibles pour les femmes et les hommes politiques est donc essentiel. Diff\u00e9rentes aides techniques sont \u00e9galement \u00e0 prendre en compte&#160;: \u00a0logiciels de revue d\u2019\u00e9cran mais aussi langue des signes et contenus en Facile \u00e0 lire.<br \/>\nAu niveau cantonal, les partis politiques doivent cr\u00e9er des services charg\u00e9s des questions d\u2019accessibilit\u00e9 et de compensation des d\u00e9savantages occup\u00e9s par des personnes avec un handicap. En outre, afin d&#8217;accro\u00eetre leur visibilit\u00e9, les organisations de personnes en situation de handicap doivent soutenir les candidat\u00b7e\u00b7s avec un handicap ind\u00e9pendamment de leur affiliation politique.<\/p>\n<p>Pour les personnes en situation de handicap, il est essentiel de b\u00e9n\u00e9ficier de soutien pour mener une carri\u00e8re politique. Les besoins diff\u00e9rant d&#8217;une personne \u00e0 une autre, un r\u00e9pertoire regroupant les diff\u00e9rentes possibilit\u00e9s d\u2019aide doit \u00eatre constitu\u00e9. L&#8217;assistance et l&#8217;accompagnement des personnes en font partie.<\/p>\n<p><a href=\"http:\/\/www.behindertenpolitik.ch\">Catalogue de mesures<\/a> (site en allemand)<\/p>\n<p>&nbsp;<\/p>\n<p>&nbsp;<\/p>\n<\/p><\/div>\n<\/p><\/div>\n<\/p><\/div>\n<\/p><\/div>\n<\/p><\/div>\n<\/p><\/div>\n<\/div>\n<\/div>\n<p><!-- \/flzn:zn_intro --><\/p>\n","protected":false},"excerpt":{"rendered":"<p>Un s\u00e9rie de mesures entend am\u00e9liorer la participation \u00e0 la vie politique des personnes en situation de handicap.<\/p>\n","protected":false},"author":3,"featured_media":10999,"comment_status":"closed","ping_status":"closed","sticky":false,"template":"","format":"standard","meta":{"_acf_changed":false,"footnotes":"","_wpscppro_dont_share_socialmedia":false,"_wpscppro_custom_social_share_image":0,"_facebook_share_type":"","_twitter_share_type":"","_linkedin_share_type":"","_pinterest_share_type":"","_linkedin_share_type_page":"","_instagram_share_type":"","_medium_share_type":"","_threads_share_type":"","_google_business_share_type":"","_selected_social_profile":[],"_wpsp_enable_custom_social_template":false,"_wpsp_social_scheduling":{"enabled":false,"datetime":null,"platforms":[],"status":"template_only","dateOption":"today","timeOption":"now","customDays":"","customHours":"","customDate":"","customTime":"","schedulingType":"absolute"},"_wpsp_active_default_template":true},"categories":[156],"tags":[],"class_list":["post-10991","post","type-post","status-publish","format-standard","has-post-thumbnail","hentry","category-inclusion","wp-sticky"],"acf":[],"yoast_head":"<!-- This site is optimized with the Yoast SEO plugin v27.4 - https:\/\/yoast.com\/product\/yoast-seo-wordpress\/ -->\n<title>Des mesures pour encourager la vie politique<\/title>\n<meta name=\"description\" content=\"Un s\u00e9rie de mesures entend am\u00e9liorer la participation \u00e0 la vie politique des personnes en situation de handicap.\" \/>\n<meta name=\"robots\" content=\"index, follow, max-snippet:-1, max-image-preview:large, max-video-preview:-1\" \/>\n<link rel=\"canonical\" href=\"https:\/\/insieme.ch\/fr\/news\/inclusion\/des-mesures-pour-encourager-la-vie-politique\/\" \/>\n<meta property=\"og:locale\" content=\"fr_FR\" \/>\n<meta property=\"og:type\" content=\"article\" \/>\n<meta property=\"og:title\" content=\"Des mesures pour encourager la vie politique\" \/>\n<meta property=\"og:description\" content=\"Un s\u00e9rie de mesures entend am\u00e9liorer la participation \u00e0 la vie politique des personnes en situation de handicap.\" \/>\n<meta property=\"og:url\" content=\"https:\/\/insieme.ch\/fr\/news\/inclusion\/des-mesures-pour-encourager-la-vie-politique\/\" \/>\n<meta property=\"og:site_name\" content=\"insieme.ch\" \/>\n<meta property=\"article:published_time\" content=\"2021-11-17T16:58:56+00:00\" \/>\n<meta property=\"article:modified_time\" content=\"2021-11-18T08:37:18+00:00\" \/>\n<meta property=\"og:image\" content=\"https:\/\/insieme.ch\/wp-inside\/uploads\/2021\/11\/foto-podium.jpg\" \/>\n\t<meta property=\"og:image:width\" content=\"2000\" \/>\n\t<meta property=\"og:image:height\" content=\"1500\" \/>\n\t<meta property=\"og:image:type\" content=\"image\/jpeg\" \/>\n<meta name=\"author\" content=\"Lise Tran\" \/>\n<meta name=\"twitter:card\" content=\"summary_large_image\" \/>\n<meta name=\"twitter:label1\" content=\"\u00c9crit par\" \/>\n\t<meta name=\"twitter:data1\" content=\"Lise Tran\" \/>\n\t<meta name=\"twitter:label2\" content=\"Dur\u00e9e de lecture estim\u00e9e\" \/>\n\t<meta name=\"twitter:data2\" content=\"3 minutes\" \/>\n<script type=\"application\/ld+json\" class=\"yoast-schema-graph\">{\"@context\":\"https:\\\/\\\/schema.org\",\"@graph\":[{\"@type\":\"Article\",\"@id\":\"https:\\\/\\\/insieme.ch\\\/fr\\\/news\\\/inclusion\\\/des-mesures-pour-encourager-la-vie-politique\\\/#article\",\"isPartOf\":{\"@id\":\"https:\\\/\\\/insieme.ch\\\/fr\\\/news\\\/inclusion\\\/des-mesures-pour-encourager-la-vie-politique\\\/\"},\"author\":{\"name\":\"Lise Tran\",\"@id\":\"https:\\\/\\\/insieme.ch\\\/fr\\\/#\\\/schema\\\/person\\\/48d0d97cbe408d1edf6d5c70bae925fa\"},\"headline\":\"Des mesures pour encourager la vie politique\",\"datePublished\":\"2021-11-17T16:58:56+00:00\",\"dateModified\":\"2021-11-18T08:37:18+00:00\",\"mainEntityOfPage\":{\"@id\":\"https:\\\/\\\/insieme.ch\\\/fr\\\/news\\\/inclusion\\\/des-mesures-pour-encourager-la-vie-politique\\\/\"},\"wordCount\":570,\"publisher\":{\"@id\":\"https:\\\/\\\/insieme.ch\\\/fr\\\/#organization\"},\"image\":{\"@id\":\"https:\\\/\\\/insieme.ch\\\/fr\\\/news\\\/inclusion\\\/des-mesures-pour-encourager-la-vie-politique\\\/#primaryimage\"},\"thumbnailUrl\":\"https:\\\/\\\/insieme.ch\\\/wp-inside\\\/uploads\\\/2021\\\/11\\\/foto-podium.jpg\",\"articleSection\":[\"Inclusion\"],\"inLanguage\":\"fr-FR\"},{\"@type\":\"WebPage\",\"@id\":\"https:\\\/\\\/insieme.ch\\\/fr\\\/news\\\/inclusion\\\/des-mesures-pour-encourager-la-vie-politique\\\/\",\"url\":\"https:\\\/\\\/insieme.ch\\\/fr\\\/news\\\/inclusion\\\/des-mesures-pour-encourager-la-vie-politique\\\/\",\"name\":\"Des mesures pour encourager la vie politique\",\"isPartOf\":{\"@id\":\"https:\\\/\\\/insieme.ch\\\/fr\\\/#website\"},\"primaryImageOfPage\":{\"@id\":\"https:\\\/\\\/insieme.ch\\\/fr\\\/news\\\/inclusion\\\/des-mesures-pour-encourager-la-vie-politique\\\/#primaryimage\"},\"image\":{\"@id\":\"https:\\\/\\\/insieme.ch\\\/fr\\\/news\\\/inclusion\\\/des-mesures-pour-encourager-la-vie-politique\\\/#primaryimage\"},\"thumbnailUrl\":\"https:\\\/\\\/insieme.ch\\\/wp-inside\\\/uploads\\\/2021\\\/11\\\/foto-podium.jpg\",\"datePublished\":\"2021-11-17T16:58:56+00:00\",\"dateModified\":\"2021-11-18T08:37:18+00:00\",\"description\":\"Un s\u00e9rie de mesures entend am\u00e9liorer la participation \u00e0 la vie politique des personnes en situation de handicap.\",\"breadcrumb\":{\"@id\":\"https:\\\/\\\/insieme.ch\\\/fr\\\/news\\\/inclusion\\\/des-mesures-pour-encourager-la-vie-politique\\\/#breadcrumb\"},\"inLanguage\":\"fr-FR\",\"potentialAction\":[{\"@type\":\"ReadAction\",\"target\":[\"https:\\\/\\\/insieme.ch\\\/fr\\\/news\\\/inclusion\\\/des-mesures-pour-encourager-la-vie-politique\\\/\"]}]},{\"@type\":\"ImageObject\",\"inLanguage\":\"fr-FR\",\"@id\":\"https:\\\/\\\/insieme.ch\\\/fr\\\/news\\\/inclusion\\\/des-mesures-pour-encourager-la-vie-politique\\\/#primaryimage\",\"url\":\"https:\\\/\\\/insieme.ch\\\/wp-inside\\\/uploads\\\/2021\\\/11\\\/foto-podium.jpg\",\"contentUrl\":\"https:\\\/\\\/insieme.ch\\\/wp-inside\\\/uploads\\\/2021\\\/11\\\/foto-podium.jpg\",\"width\":2000,\"height\":1500},{\"@type\":\"BreadcrumbList\",\"@id\":\"https:\\\/\\\/insieme.ch\\\/fr\\\/news\\\/inclusion\\\/des-mesures-pour-encourager-la-vie-politique\\\/#breadcrumb\",\"itemListElement\":[{\"@type\":\"ListItem\",\"position\":1,\"name\":\"Accueil\",\"item\":\"https:\\\/\\\/insieme.ch\\\/fr\\\/\"},{\"@type\":\"ListItem\",\"position\":2,\"name\":\"News\",\"item\":\"https:\\\/\\\/insieme.ch\\\/fr\\\/news\\\/\"},{\"@type\":\"ListItem\",\"position\":3,\"name\":\"Inclusion\",\"item\":\"https:\\\/\\\/insieme.ch\\\/fr\\\/news\\\/inclusion\\\/\"},{\"@type\":\"ListItem\",\"position\":4,\"name\":\"Des mesures pour encourager la vie politique\"}]},{\"@type\":\"WebSite\",\"@id\":\"https:\\\/\\\/insieme.ch\\\/fr\\\/#website\",\"url\":\"https:\\\/\\\/insieme.ch\\\/fr\\\/\",\"name\":\"insieme.ch\",\"description\":\"\",\"publisher\":{\"@id\":\"https:\\\/\\\/insieme.ch\\\/fr\\\/#organization\"},\"potentialAction\":[{\"@type\":\"SearchAction\",\"target\":{\"@type\":\"EntryPoint\",\"urlTemplate\":\"https:\\\/\\\/insieme.ch\\\/fr\\\/?s={search_term_string}\"},\"query-input\":{\"@type\":\"PropertyValueSpecification\",\"valueRequired\":true,\"valueName\":\"search_term_string\"}}],\"inLanguage\":\"fr-FR\"},{\"@type\":\"Organization\",\"@id\":\"https:\\\/\\\/insieme.ch\\\/fr\\\/#organization\",\"name\":\"insieme\",\"url\":\"https:\\\/\\\/insieme.ch\\\/fr\\\/\",\"logo\":{\"@type\":\"ImageObject\",\"inLanguage\":\"fr-FR\",\"@id\":\"https:\\\/\\\/insieme.ch\\\/fr\\\/#\\\/schema\\\/logo\\\/image\\\/\",\"url\":\"https:\\\/\\\/insieme.ch\\\/wp-inside\\\/uploads\\\/2021\\\/03\\\/logo-insieme.jpg\",\"contentUrl\":\"https:\\\/\\\/insieme.ch\\\/wp-inside\\\/uploads\\\/2021\\\/03\\\/logo-insieme.jpg\",\"width\":250,\"height\":250,\"caption\":\"insieme\"},\"image\":{\"@id\":\"https:\\\/\\\/insieme.ch\\\/fr\\\/#\\\/schema\\\/logo\\\/image\\\/\"}},{\"@type\":\"Person\",\"@id\":\"https:\\\/\\\/insieme.ch\\\/fr\\\/#\\\/schema\\\/person\\\/48d0d97cbe408d1edf6d5c70bae925fa\",\"name\":\"Lise Tran\",\"image\":{\"@type\":\"ImageObject\",\"inLanguage\":\"fr-FR\",\"@id\":\"https:\\\/\\\/secure.gravatar.com\\\/avatar\\\/4c1028ac8c35a45d0420275ec991fe6d9964020c33f7db80209f71a09cbfc3a8?s=96&d=mm&r=g\",\"url\":\"https:\\\/\\\/secure.gravatar.com\\\/avatar\\\/4c1028ac8c35a45d0420275ec991fe6d9964020c33f7db80209f71a09cbfc3a8?s=96&d=mm&r=g\",\"contentUrl\":\"https:\\\/\\\/secure.gravatar.com\\\/avatar\\\/4c1028ac8c35a45d0420275ec991fe6d9964020c33f7db80209f71a09cbfc3a8?s=96&d=mm&r=g\",\"caption\":\"Lise Tran\"}}]}<\/script>\n<!-- \/ Yoast SEO plugin. -->","yoast_head_json":{"title":"Des mesures pour encourager la vie politique","description":"Un s\u00e9rie de mesures entend am\u00e9liorer la participation \u00e0 la vie politique des personnes en situation de handicap.","robots":{"index":"index","follow":"follow","max-snippet":"max-snippet:-1","max-image-preview":"max-image-preview:large","max-video-preview":"max-video-preview:-1"},"canonical":"https:\/\/insieme.ch\/fr\/news\/inclusion\/des-mesures-pour-encourager-la-vie-politique\/","og_locale":"fr_FR","og_type":"article","og_title":"Des mesures pour encourager la vie politique","og_description":"Un s\u00e9rie de mesures entend am\u00e9liorer la participation \u00e0 la vie politique des personnes en situation de handicap.","og_url":"https:\/\/insieme.ch\/fr\/news\/inclusion\/des-mesures-pour-encourager-la-vie-politique\/","og_site_name":"insieme.ch","article_published_time":"2021-11-17T16:58:56+00:00","article_modified_time":"2021-11-18T08:37:18+00:00","og_image":[{"width":2000,"height":1500,"url":"https:\/\/insieme.ch\/wp-inside\/uploads\/2021\/11\/foto-podium.jpg","type":"image\/jpeg"}],"author":"Lise Tran","twitter_card":"summary_large_image","twitter_misc":{"\u00c9crit par":"Lise Tran","Dur\u00e9e de lecture estim\u00e9e":"3 minutes"},"schema":{"@context":"https:\/\/schema.org","@graph":[{"@type":"Article","@id":"https:\/\/insieme.ch\/fr\/news\/inclusion\/des-mesures-pour-encourager-la-vie-politique\/#article","isPartOf":{"@id":"https:\/\/insieme.ch\/fr\/news\/inclusion\/des-mesures-pour-encourager-la-vie-politique\/"},"author":{"name":"Lise Tran","@id":"https:\/\/insieme.ch\/fr\/#\/schema\/person\/48d0d97cbe408d1edf6d5c70bae925fa"},"headline":"Des mesures pour encourager la vie politique","datePublished":"2021-11-17T16:58:56+00:00","dateModified":"2021-11-18T08:37:18+00:00","mainEntityOfPage":{"@id":"https:\/\/insieme.ch\/fr\/news\/inclusion\/des-mesures-pour-encourager-la-vie-politique\/"},"wordCount":570,"publisher":{"@id":"https:\/\/insieme.ch\/fr\/#organization"},"image":{"@id":"https:\/\/insieme.ch\/fr\/news\/inclusion\/des-mesures-pour-encourager-la-vie-politique\/#primaryimage"},"thumbnailUrl":"https:\/\/insieme.ch\/wp-inside\/uploads\/2021\/11\/foto-podium.jpg","articleSection":["Inclusion"],"inLanguage":"fr-FR"},{"@type":"WebPage","@id":"https:\/\/insieme.ch\/fr\/news\/inclusion\/des-mesures-pour-encourager-la-vie-politique\/","url":"https:\/\/insieme.ch\/fr\/news\/inclusion\/des-mesures-pour-encourager-la-vie-politique\/","name":"Des mesures pour encourager la vie politique","isPartOf":{"@id":"https:\/\/insieme.ch\/fr\/#website"},"primaryImageOfPage":{"@id":"https:\/\/insieme.ch\/fr\/news\/inclusion\/des-mesures-pour-encourager-la-vie-politique\/#primaryimage"},"image":{"@id":"https:\/\/insieme.ch\/fr\/news\/inclusion\/des-mesures-pour-encourager-la-vie-politique\/#primaryimage"},"thumbnailUrl":"https:\/\/insieme.ch\/wp-inside\/uploads\/2021\/11\/foto-podium.jpg","datePublished":"2021-11-17T16:58:56+00:00","dateModified":"2021-11-18T08:37:18+00:00","description":"Un s\u00e9rie de mesures entend am\u00e9liorer la participation \u00e0 la vie politique des personnes en situation de handicap.","breadcrumb":{"@id":"https:\/\/insieme.ch\/fr\/news\/inclusion\/des-mesures-pour-encourager-la-vie-politique\/#breadcrumb"},"inLanguage":"fr-FR","potentialAction":[{"@type":"ReadAction","target":["https:\/\/insieme.ch\/fr\/news\/inclusion\/des-mesures-pour-encourager-la-vie-politique\/"]}]},{"@type":"ImageObject","inLanguage":"fr-FR","@id":"https:\/\/insieme.ch\/fr\/news\/inclusion\/des-mesures-pour-encourager-la-vie-politique\/#primaryimage","url":"https:\/\/insieme.ch\/wp-inside\/uploads\/2021\/11\/foto-podium.jpg","contentUrl":"https:\/\/insieme.ch\/wp-inside\/uploads\/2021\/11\/foto-podium.jpg","width":2000,"height":1500},{"@type":"BreadcrumbList","@id":"https:\/\/insieme.ch\/fr\/news\/inclusion\/des-mesures-pour-encourager-la-vie-politique\/#breadcrumb","itemListElement":[{"@type":"ListItem","position":1,"name":"Accueil","item":"https:\/\/insieme.ch\/fr\/"},{"@type":"ListItem","position":2,"name":"News","item":"https:\/\/insieme.ch\/fr\/news\/"},{"@type":"ListItem","position":3,"name":"Inclusion","item":"https:\/\/insieme.ch\/fr\/news\/inclusion\/"},{"@type":"ListItem","position":4,"name":"Des mesures pour encourager la vie politique"}]},{"@type":"WebSite","@id":"https:\/\/insieme.ch\/fr\/#website","url":"https:\/\/insieme.ch\/fr\/","name":"insieme.ch","description":"","publisher":{"@id":"https:\/\/insieme.ch\/fr\/#organization"},"potentialAction":[{"@type":"SearchAction","target":{"@type":"EntryPoint","urlTemplate":"https:\/\/insieme.ch\/fr\/?s={search_term_string}"},"query-input":{"@type":"PropertyValueSpecification","valueRequired":true,"valueName":"search_term_string"}}],"inLanguage":"fr-FR"},{"@type":"Organization","@id":"https:\/\/insieme.ch\/fr\/#organization","name":"insieme","url":"https:\/\/insieme.ch\/fr\/","logo":{"@type":"ImageObject","inLanguage":"fr-FR","@id":"https:\/\/insieme.ch\/fr\/#\/schema\/logo\/image\/","url":"https:\/\/insieme.ch\/wp-inside\/uploads\/2021\/03\/logo-insieme.jpg","contentUrl":"https:\/\/insieme.ch\/wp-inside\/uploads\/2021\/03\/logo-insieme.jpg","width":250,"height":250,"caption":"insieme"},"image":{"@id":"https:\/\/insieme.ch\/fr\/#\/schema\/logo\/image\/"}},{"@type":"Person","@id":"https:\/\/insieme.ch\/fr\/#\/schema\/person\/48d0d97cbe408d1edf6d5c70bae925fa","name":"Lise Tran","image":{"@type":"ImageObject","inLanguage":"fr-FR","@id":"https:\/\/secure.gravatar.com\/avatar\/4c1028ac8c35a45d0420275ec991fe6d9964020c33f7db80209f71a09cbfc3a8?s=96&d=mm&r=g","url":"https:\/\/secure.gravatar.com\/avatar\/4c1028ac8c35a45d0420275ec991fe6d9964020c33f7db80209f71a09cbfc3a8?s=96&d=mm&r=g","contentUrl":"https:\/\/secure.gravatar.com\/avatar\/4c1028ac8c35a45d0420275ec991fe6d9964020c33f7db80209f71a09cbfc3a8?s=96&d=mm&r=g","caption":"Lise Tran"}}]}},"_links":{"self":[{"href":"https:\/\/insieme.ch\/fr\/wp-json\/wp\/v2\/posts\/10991","targetHints":{"allow":["GET"]}}],"collection":[{"href":"https:\/\/insieme.ch\/fr\/wp-json\/wp\/v2\/posts"}],"about":[{"href":"https:\/\/insieme.ch\/fr\/wp-json\/wp\/v2\/types\/post"}],"author":[{"embeddable":true,"href":"https:\/\/insieme.ch\/fr\/wp-json\/wp\/v2\/users\/3"}],"replies":[{"embeddable":true,"href":"https:\/\/insieme.ch\/fr\/wp-json\/wp\/v2\/comments?post=10991"}],"version-history":[{"count":4,"href":"https:\/\/insieme.ch\/fr\/wp-json\/wp\/v2\/posts\/10991\/revisions"}],"predecessor-version":[{"id":11007,"href":"https:\/\/insieme.ch\/fr\/wp-json\/wp\/v2\/posts\/10991\/revisions\/11007"}],"wp:featuredmedia":[{"embeddable":true,"href":"https:\/\/insieme.ch\/fr\/wp-json\/wp\/v2\/media\/10999"}],"wp:attachment":[{"href":"https:\/\/insieme.ch\/fr\/wp-json\/wp\/v2\/media?parent=10991"}],"wp:term":[{"taxonomy":"category","embeddable":true,"href":"https:\/\/insieme.ch\/fr\/wp-json\/wp\/v2\/categories?post=10991"},{"taxonomy":"post_tag","embeddable":true,"href":"https:\/\/insieme.ch\/fr\/wp-json\/wp\/v2\/tags?post=10991"}],"curies":[{"name":"wp","href":"https:\/\/api.w.org\/{rel}","templated":true}]}}